{"id":1098,"date":"2025-08-03T05:02:08","date_gmt":"2025-08-03T05:02:08","guid":{"rendered":"https:\/\/sportotto.com\/okategoriserad\/susijengi-valmistautuu-koripallon-em-kotikisoihin-2025-lauri-markkanen-johdossa-ja-uusia-tahtia-nousemassa\/"},"modified":"2025-08-03T05:02:08","modified_gmt":"2025-08-03T05:02:08","slug":"susijengi-valmistautuu-koripallon-em-kotikisoihin-2025-lauri-markkanen-johdossa-ja-uusia-tahtia-nousemassa","status":"publish","type":"post","link":"https:\/\/sportotto.com\/fi\/uutiset\/susijengi-valmistautuu-koripallon-em-kotikisoihin-2025-lauri-markkanen-johdossa-ja-uusia-tahtia-nousemassa\/","title":{"rendered":"Susijengi valmistautuu koripallon EM-kotikisoihin 2025 \u2013 Lauri Markkanen johdossa ja uusia t\u00e4hti\u00e4 nousemassa"},"content":{"rendered":"<h1>Susijengi valmistautuu koripallon EM-kotikisoihin 2025 \u2013 Lauri Markkanen johdossa ja uusia t\u00e4hti\u00e4 nousemassa<\/h1>\n<p>Susijengi on viritt\u00e4nyt koneensa kohti koripallon EM-kotikisoja, jotka pelataan elokuussa 2025. P\u00e4\u00e4valmentaja <strong>Lassi Tuovi<\/strong> on julkistanut 16 pelaajan leiriryhm\u00e4n, jossa yhdistyv\u00e4t <strong>kokemus<\/strong> ja nuoruuden innostus. Kotikisat toimivat paitsi mahdollisuutena menesty\u00e4, my\u00f6s n\u00e4ytt\u00e4m\u00f6n\u00e4 uusien nimien esiinmarssille.<\/p>\n<h2>Lauri \u2013 joukkueen kirkas t\u00e4hti<\/h2>\n<p><strong>Lauri Markkanen<\/strong>, Utah Jazzin luottopelaaja, on j\u00e4lleen Susijengin kantava voima. Jo kolmansissa EM-kisoissaan pelaava Markkanen on ollut maaotteluissa tehokas, tehty\u00e4\u00e4n keskim\u00e4\u00e4rin 21 pistett\u00e4 ottelua kohden. H\u00e4n toimii johtajana niin kent\u00e4ll\u00e4 kuin sen ulkopuolella.<\/p>\n<p>H\u00e4nen rinnallaan n\u00e4hd\u00e4\u00e4n kokenut kapteeni <strong>Sasu Salin<\/strong>, jolla on l\u00e4hes 150 maaottelua vy\u00f6ll\u00e4\u00e4n. Salin tuo kent\u00e4lle rauhallisuuden ja suunnan \u2013 yhdistelm\u00e4, joka tekee Markkasen ja Salinin yhteisty\u00f6st\u00e4 erinomaisen kombon.<\/p>\n<h2>Uusia tarinoita kirjoittamassa: Amzil ja Ekwere<\/h2>\n<p><strong>Mustapha Amzil<\/strong> on kiinnostava uusi nimi. Yliopistokoripallon j\u00e4lkeen Eurooppaan palannut Amzil on solminut sopimuksen Kosovon mestarijoukkueen kanssa ja hakee nyt l\u00e4pimurtoa maajoukkueessa. H\u00e4nen viime kauden tilastonsa (11 pistett\u00e4, 5,5 levypalloa ja 1,5 sy\u00f6tt\u00f6\u00e4 per ottelu) osoittavat, ett\u00e4 potentiaalia on.<\/p>\n<p>Toinen huomionarvoinen nuorukainen on vasta 18-vuotias <strong>Aaron Ekwere<\/strong>. H\u00e4n esiintyi vakuuttavasti alle 20-vuotiaiden EM-kisoissa ja tuo energiaa sek\u00e4 puolustusp\u00e4\u00e4h\u00e4n ett\u00e4 hy\u00f6kk\u00e4ykseen. H\u00e4nen panostaan odotetaan erityisesti kehityksen n\u00e4k\u00f6kulmasta.<\/p>\n<h2>Kilpailu k\u00e4y kuumana \u2013 kuka nappaa kisapaikan?<\/h2>\n<p>Leiriryhm\u00e4\u00e4n kuuluu 16 pelaajaa, mutta vain 12 saa paikan EM-kisoihin. T\u00e4m\u00e4 avaa tiukan kilpailuasetelman, jossa jokainen treeni ja ottelu merkitsee. Takakent\u00e4ll\u00e4 kisaa pelipaikoista k\u00e4yv\u00e4t muun muassa:<\/p>\n<ul>\n<li>Miro Little<\/li>\n<li>Edon Maxhuni<\/li>\n<li>Henri Kantonen<\/li>\n<\/ul>\n<p>Jokainen heist\u00e4 haluaa vakiinnuttaa paikkansa lopullisessa kisamiehist\u00f6ss\u00e4.<\/p>\n<h2>Valmennustiimiss\u00e4kin uusia tuulia<\/h2>\n<p>P\u00e4\u00e4valmentaja Tuovia tukevat kokeneet nimet kuten <strong>Hanno M\u00f6tt\u00f6l\u00e4<\/strong> ja <strong>Teemu Rannikko<\/strong>. Lis\u00e4ksi tiimiin liittyv\u00e4t:<\/p>\n<ul>\n<li><strong>Jani Parkkinen<\/strong>, Lauri Markkasen henkil\u00f6kohtainen fysiikkavalmentaja<\/li>\n<li><strong>Samuli Nieminen<\/strong>, uusi kasvo staffissa<\/li>\n<li><strong>Sean Sheldon<\/strong>, Utah Jazzin apuvalmentaja, palaa maajoukkueeseen vuoden tauon j\u00e4lkeen<\/li>\n<\/ul>\n<p>Valmennusjohdon monipuolisuus varmistaa, ett\u00e4 pelaajat ovat sek\u00e4 fyysisesti ett\u00e4 taktisesti valmiita kotikisoihin.<\/p>\n<h2>Harjoitusotteluiden kautta kohti kisoja<\/h2>\n<p>Ennen kisojen alkua Susijengi pelaa nelj\u00e4 valmistavaa ottelua, jotka toimivat viimeisin\u00e4 testein\u00e4 pelaajille ja valmennukselle:<\/p>\n<ul>\n<li>8.8. Suomi\u2013Belgia, Jyv\u00e4skyl\u00e4<\/li>\n<li>11.8. Suomi\u2013Belgia, Espoo<\/li>\n<li>17.8. Puola\u2013Suomi, Sosnowiec<\/li>\n<li>21.8. Suomi\u2013Puola, Espoo<\/li>\n<\/ul>\n<p>N\u00e4m\u00e4 kamppailut tarjoavat viimeiset mahdollisuudet lunastaa kisapaikka ja hioutua yhteen joukkueena.<\/p>\n<h2>Kotiareenan syke nousee Tampereella<\/h2>\n<p><strong>Tampere<\/strong> toimii kisojen suomalaisena p\u00e4\u00e4n\u00e4ytt\u00e4m\u00f6n\u00e4. Hakamets\u00e4n areena muuntuu elokuun lopulla EM-koripallon keskipisteeksi. Avausottelussa Suomi saa vastaansa Ruotsin \u2013 ottelu, joka sytytt\u00e4\u00e4 kotiyleis\u00f6n t\u00e4yteen liekkiin.<\/p>\n<p><strong>Suomen otteluohjelma EM-kotikisoissa:<\/strong><\/p>\n<ol>\n<li>27.8. klo 20:30 | Ruotsi \u2013 Suomi<\/li>\n<li>29.8. klo 20:30 | Suomi \u2013 Iso-Britannia<\/li>\n<li>30.8. klo 20:30 | Montenegro \u2013 Suomi<\/li>\n<li>1.9. klo 20:30 | Suomi \u2013 Liettua<\/li>\n<li>3.9. klo 20:30 | Suomi \u2013 Saksa<\/li>\n<\/ol>\n<p>Tampereen kotiyleis\u00f6 saattaa olla juuri se elementti, joka antaa Susijengille ratkaisevan edun kovissa kamppailuissa. Moni kysymys on viel\u00e4 avoinna, mutta yksi asia on selv\u00e4 \u2013 edess\u00e4 on <strong>unohtumaton koripallokes\u00e4<\/strong>.<\/p>\n","protected":false},"excerpt":{"rendered":"<p>Susijengi valmistautuu koripallon EM-kotikisoihin 2025 \u2013 Lauri Markkanen johdossa ja uusia t\u00e4hti\u00e4 nousemassa Susijengi on viritt\u00e4nyt koneensa kohti koripallon EM-kotikisoja,&#8230;<\/p>\n","protected":false},"author":7,"featured_media":1094,"comment_status":"open","ping_status":"open","sticky":false,"template":"","format":"standard","meta":{"_acf_changed":false,"footnotes":""},"categories":[37],"tags":[],"class_list":["post-1098","post","type-post","status-publish","format-standard","has-post-thumbnail","hentry","category-uutiset"],"acf":[],"yoast_head":"<!-- This site is optimized with the Yoast SEO plugin v27.4 - https:\/\/yoast.com\/product\/yoast-seo-wordpress\/ -->\n<title>Susijengi valmistautuu koripallon EM-kotikisoihin 2025 \u2013 Lauri Markkanen johdossa ja uusia t\u00e4hti\u00e4 nousemassa - Sportotto.com<\/title>\n<meta name=\"robots\" content=\"index, follow, max-snippet:-1, max-image-preview:large, max-video-preview:-1\" \/>\n<link rel=\"canonical\" href=\"https:\/\/sportotto.com\/fi\/uutiset\/susijengi-valmistautuu-koripallon-em-kotikisoihin-2025-lauri-markkanen-johdossa-ja-uusia-tahtia-nousemassa\/\" \/>\n<meta property=\"og:locale\" content=\"fi_FI\" \/>\n<meta property=\"og:type\" content=\"article\" \/>\n<meta property=\"og:title\" content=\"Susijengi valmistautuu koripallon EM-kotikisoihin 2025 \u2013 Lauri Markkanen johdossa ja uusia t\u00e4hti\u00e4 nousemassa - Sportotto.com\" \/>\n<meta property=\"og:description\" content=\"Susijengi valmistautuu koripallon EM-kotikisoihin 2025 \u2013 Lauri Markkanen johdossa ja uusia t\u00e4hti\u00e4 nousemassa Susijengi on viritt\u00e4nyt koneensa kohti koripallon EM-kotikisoja,...\" \/>\n<meta property=\"og:url\" content=\"https:\/\/sportotto.com\/fi\/uutiset\/susijengi-valmistautuu-koripallon-em-kotikisoihin-2025-lauri-markkanen-johdossa-ja-uusia-tahtia-nousemassa\/\" \/>\n<meta property=\"og:site_name\" content=\"Sportotto.com\" \/>\n<meta property=\"article:published_time\" content=\"2025-08-03T05:02:08+00:00\" \/>\n<meta name=\"author\" content=\"Linus Jung\" \/>\n<meta name=\"twitter:card\" content=\"summary_large_image\" \/>\n<meta name=\"twitter:label1\" content=\"Kirjoittanut\" \/>\n\t<meta name=\"twitter:data1\" content=\"Linus Jung\" \/>\n\t<meta name=\"twitter:label2\" content=\"Arvioitu lukuaika\" \/>\n\t<meta name=\"twitter:data2\" content=\"2 minuuttia\" \/>\n<script type=\"application\/ld+json\" class=\"yoast-schema-graph\">{\"@context\":\"https:\\\/\\\/schema.org\",\"@graph\":[{\"@type\":\"Article\",\"@id\":\"https:\\\/\\\/sportotto.com\\\/fi\\\/uutiset\\\/susijengi-valmistautuu-koripallon-em-kotikisoihin-2025-lauri-markkanen-johdossa-ja-uusia-tahtia-nousemassa\\\/#article\",\"isPartOf\":{\"@id\":\"https:\\\/\\\/sportotto.com\\\/fi\\\/uutiset\\\/susijengi-valmistautuu-koripallon-em-kotikisoihin-2025-lauri-markkanen-johdossa-ja-uusia-tahtia-nousemassa\\\/\"},\"author\":{\"name\":\"Linus Jung\",\"@id\":\"https:\\\/\\\/sportotto.com\\\/fi\\\/#\\\/schema\\\/person\\\/4e717e9d5e7dc8a9563d831e8eff4281\"},\"headline\":\"Susijengi valmistautuu koripallon EM-kotikisoihin 2025 \u2013 Lauri Markkanen johdossa ja uusia t\u00e4hti\u00e4 nousemassa\",\"datePublished\":\"2025-08-03T05:02:08+00:00\",\"mainEntityOfPage\":{\"@id\":\"https:\\\/\\\/sportotto.com\\\/fi\\\/uutiset\\\/susijengi-valmistautuu-koripallon-em-kotikisoihin-2025-lauri-markkanen-johdossa-ja-uusia-tahtia-nousemassa\\\/\"},\"wordCount\":455,\"commentCount\":0,\"image\":{\"@id\":\"https:\\\/\\\/sportotto.com\\\/fi\\\/uutiset\\\/susijengi-valmistautuu-koripallon-em-kotikisoihin-2025-lauri-markkanen-johdossa-ja-uusia-tahtia-nousemassa\\\/#primaryimage\"},\"thumbnailUrl\":\"https:\\\/\\\/sportotto.com\\\/wp-content\\\/uploads\\\/2025\\\/08\\\/Susijengi20valmistautuu20koripallon20EM-kotikisoihin20202520E2809320Lauri20Markkanen20johdossa20ja20uusia20tC3A4htiC3A420nousemassa-2025-08-03T053A013A47.348Z.jpg\",\"articleSection\":[\"Uutiset\"],\"inLanguage\":\"fi\",\"potentialAction\":[{\"@type\":\"CommentAction\",\"name\":\"Comment\",\"target\":[\"https:\\\/\\\/sportotto.com\\\/fi\\\/uutiset\\\/susijengi-valmistautuu-koripallon-em-kotikisoihin-2025-lauri-markkanen-johdossa-ja-uusia-tahtia-nousemassa\\\/#respond\"]}]},{\"@type\":\"WebPage\",\"@id\":\"https:\\\/\\\/sportotto.com\\\/fi\\\/uutiset\\\/susijengi-valmistautuu-koripallon-em-kotikisoihin-2025-lauri-markkanen-johdossa-ja-uusia-tahtia-nousemassa\\\/\",\"url\":\"https:\\\/\\\/sportotto.com\\\/fi\\\/uutiset\\\/susijengi-valmistautuu-koripallon-em-kotikisoihin-2025-lauri-markkanen-johdossa-ja-uusia-tahtia-nousemassa\\\/\",\"name\":\"Susijengi valmistautuu koripallon EM-kotikisoihin 2025 \u2013 Lauri Markkanen johdossa ja uusia t\u00e4hti\u00e4 nousemassa - Sportotto.com\",\"isPartOf\":{\"@id\":\"https:\\\/\\\/sportotto.com\\\/fi\\\/#website\"},\"primaryImageOfPage\":{\"@id\":\"https:\\\/\\\/sportotto.com\\\/fi\\\/uutiset\\\/susijengi-valmistautuu-koripallon-em-kotikisoihin-2025-lauri-markkanen-johdossa-ja-uusia-tahtia-nousemassa\\\/#primaryimage\"},\"image\":{\"@id\":\"https:\\\/\\\/sportotto.com\\\/fi\\\/uutiset\\\/susijengi-valmistautuu-koripallon-em-kotikisoihin-2025-lauri-markkanen-johdossa-ja-uusia-tahtia-nousemassa\\\/#primaryimage\"},\"thumbnailUrl\":\"https:\\\/\\\/sportotto.com\\\/wp-content\\\/uploads\\\/2025\\\/08\\\/Susijengi20valmistautuu20koripallon20EM-kotikisoihin20202520E2809320Lauri20Markkanen20johdossa20ja20uusia20tC3A4htiC3A420nousemassa-2025-08-03T053A013A47.348Z.jpg\",\"datePublished\":\"2025-08-03T05:02:08+00:00\",\"author\":{\"@id\":\"https:\\\/\\\/sportotto.com\\\/fi\\\/#\\\/schema\\\/person\\\/4e717e9d5e7dc8a9563d831e8eff4281\"},\"breadcrumb\":{\"@id\":\"https:\\\/\\\/sportotto.com\\\/fi\\\/uutiset\\\/susijengi-valmistautuu-koripallon-em-kotikisoihin-2025-lauri-markkanen-johdossa-ja-uusia-tahtia-nousemassa\\\/#breadcrumb\"},\"inLanguage\":\"fi\",\"potentialAction\":[{\"@type\":\"ReadAction\",\"target\":[\"https:\\\/\\\/sportotto.com\\\/fi\\\/uutiset\\\/susijengi-valmistautuu-koripallon-em-kotikisoihin-2025-lauri-markkanen-johdossa-ja-uusia-tahtia-nousemassa\\\/\"]}]},{\"@type\":\"ImageObject\",\"inLanguage\":\"fi\",\"@id\":\"https:\\\/\\\/sportotto.com\\\/fi\\\/uutiset\\\/susijengi-valmistautuu-koripallon-em-kotikisoihin-2025-lauri-markkanen-johdossa-ja-uusia-tahtia-nousemassa\\\/#primaryimage\",\"url\":\"https:\\\/\\\/sportotto.com\\\/wp-content\\\/uploads\\\/2025\\\/08\\\/Susijengi20valmistautuu20koripallon20EM-kotikisoihin20202520E2809320Lauri20Markkanen20johdossa20ja20uusia20tC3A4htiC3A420nousemassa-2025-08-03T053A013A47.348Z.jpg\",\"contentUrl\":\"https:\\\/\\\/sportotto.com\\\/wp-content\\\/uploads\\\/2025\\\/08\\\/Susijengi20valmistautuu20koripallon20EM-kotikisoihin20202520E2809320Lauri20Markkanen20johdossa20ja20uusia20tC3A4htiC3A420nousemassa-2025-08-03T053A013A47.348Z.jpg\",\"width\":1024,\"height\":1024},{\"@type\":\"BreadcrumbList\",\"@id\":\"https:\\\/\\\/sportotto.com\\\/fi\\\/uutiset\\\/susijengi-valmistautuu-koripallon-em-kotikisoihin-2025-lauri-markkanen-johdossa-ja-uusia-tahtia-nousemassa\\\/#breadcrumb\",\"itemListElement\":[{\"@type\":\"ListItem\",\"position\":1,\"name\":\"Sportotto\",\"item\":\"https:\\\/\\\/sportotto.com\\\/fi\\\/\"},{\"@type\":\"ListItem\",\"position\":2,\"name\":\"Okategoriserad\",\"item\":\"https:\\\/\\\/sportotto.com\\\/cl\\\/okategoriserad\\\/\"},{\"@type\":\"ListItem\",\"position\":3,\"name\":\"Susijengi valmistautuu koripallon EM-kotikisoihin 2025 \u2013 Lauri Markkanen johdossa ja uusia t\u00e4hti\u00e4 nousemassa\"}]},{\"@type\":\"WebSite\",\"@id\":\"https:\\\/\\\/sportotto.com\\\/fi\\\/#website\",\"url\":\"https:\\\/\\\/sportotto.com\\\/fi\\\/\",\"name\":\"Sportotto.com\",\"description\":\"All about sports betting!\",\"potentialAction\":[{\"@type\":\"SearchAction\",\"target\":{\"@type\":\"EntryPoint\",\"urlTemplate\":\"https:\\\/\\\/sportotto.com\\\/fi\\\/?s={search_term_string}\"},\"query-input\":{\"@type\":\"PropertyValueSpecification\",\"valueRequired\":true,\"valueName\":\"search_term_string\"}}],\"inLanguage\":\"fi\"},{\"@type\":\"Person\",\"@id\":\"https:\\\/\\\/sportotto.com\\\/fi\\\/#\\\/schema\\\/person\\\/4e717e9d5e7dc8a9563d831e8eff4281\",\"name\":\"Linus Jung\",\"image\":{\"@type\":\"ImageObject\",\"inLanguage\":\"fi\",\"@id\":\"https:\\\/\\\/secure.gravatar.com\\\/avatar\\\/eca1d2df4eae3f7495ac24b159d8abf4d4d395492b5e7c4c934e1b65646f8db3?s=96&d=mm&r=g\",\"url\":\"https:\\\/\\\/secure.gravatar.com\\\/avatar\\\/eca1d2df4eae3f7495ac24b159d8abf4d4d395492b5e7c4c934e1b65646f8db3?s=96&d=mm&r=g\",\"contentUrl\":\"https:\\\/\\\/secure.gravatar.com\\\/avatar\\\/eca1d2df4eae3f7495ac24b159d8abf4d4d395492b5e7c4c934e1b65646f8db3?s=96&d=mm&r=g\",\"caption\":\"Linus Jung\"}}]}<\/script>\n<!-- \/ Yoast SEO plugin. -->","yoast_head_json":{"title":"Susijengi valmistautuu koripallon EM-kotikisoihin 2025 \u2013 Lauri Markkanen johdossa ja uusia t\u00e4hti\u00e4 nousemassa - Sportotto.com","robots":{"index":"index","follow":"follow","max-snippet":"max-snippet:-1","max-image-preview":"max-image-preview:large","max-video-preview":"max-video-preview:-1"},"canonical":"https:\/\/sportotto.com\/fi\/uutiset\/susijengi-valmistautuu-koripallon-em-kotikisoihin-2025-lauri-markkanen-johdossa-ja-uusia-tahtia-nousemassa\/","og_locale":"fi_FI","og_type":"article","og_title":"Susijengi valmistautuu koripallon EM-kotikisoihin 2025 \u2013 Lauri Markkanen johdossa ja uusia t\u00e4hti\u00e4 nousemassa - Sportotto.com","og_description":"Susijengi valmistautuu koripallon EM-kotikisoihin 2025 \u2013 Lauri Markkanen johdossa ja uusia t\u00e4hti\u00e4 nousemassa Susijengi on viritt\u00e4nyt koneensa kohti koripallon EM-kotikisoja,...","og_url":"https:\/\/sportotto.com\/fi\/uutiset\/susijengi-valmistautuu-koripallon-em-kotikisoihin-2025-lauri-markkanen-johdossa-ja-uusia-tahtia-nousemassa\/","og_site_name":"Sportotto.com","article_published_time":"2025-08-03T05:02:08+00:00","author":"Linus Jung","twitter_card":"summary_large_image","twitter_misc":{"Kirjoittanut":"Linus Jung","Arvioitu lukuaika":"2 minuuttia"},"schema":{"@context":"https:\/\/schema.org","@graph":[{"@type":"Article","@id":"https:\/\/sportotto.com\/fi\/uutiset\/susijengi-valmistautuu-koripallon-em-kotikisoihin-2025-lauri-markkanen-johdossa-ja-uusia-tahtia-nousemassa\/#article","isPartOf":{"@id":"https:\/\/sportotto.com\/fi\/uutiset\/susijengi-valmistautuu-koripallon-em-kotikisoihin-2025-lauri-markkanen-johdossa-ja-uusia-tahtia-nousemassa\/"},"author":{"name":"Linus Jung","@id":"https:\/\/sportotto.com\/fi\/#\/schema\/person\/4e717e9d5e7dc8a9563d831e8eff4281"},"headline":"Susijengi valmistautuu koripallon EM-kotikisoihin 2025 \u2013 Lauri Markkanen johdossa ja uusia t\u00e4hti\u00e4 nousemassa","datePublished":"2025-08-03T05:02:08+00:00","mainEntityOfPage":{"@id":"https:\/\/sportotto.com\/fi\/uutiset\/susijengi-valmistautuu-koripallon-em-kotikisoihin-2025-lauri-markkanen-johdossa-ja-uusia-tahtia-nousemassa\/"},"wordCount":455,"commentCount":0,"image":{"@id":"https:\/\/sportotto.com\/fi\/uutiset\/susijengi-valmistautuu-koripallon-em-kotikisoihin-2025-lauri-markkanen-johdossa-ja-uusia-tahtia-nousemassa\/#primaryimage"},"thumbnailUrl":"https:\/\/sportotto.com\/wp-content\/uploads\/2025\/08\/Susijengi20valmistautuu20koripallon20EM-kotikisoihin20202520E2809320Lauri20Markkanen20johdossa20ja20uusia20tC3A4htiC3A420nousemassa-2025-08-03T053A013A47.348Z.jpg","articleSection":["Uutiset"],"inLanguage":"fi","potentialAction":[{"@type":"CommentAction","name":"Comment","target":["https:\/\/sportotto.com\/fi\/uutiset\/susijengi-valmistautuu-koripallon-em-kotikisoihin-2025-lauri-markkanen-johdossa-ja-uusia-tahtia-nousemassa\/#respond"]}]},{"@type":"WebPage","@id":"https:\/\/sportotto.com\/fi\/uutiset\/susijengi-valmistautuu-koripallon-em-kotikisoihin-2025-lauri-markkanen-johdossa-ja-uusia-tahtia-nousemassa\/","url":"https:\/\/sportotto.com\/fi\/uutiset\/susijengi-valmistautuu-koripallon-em-kotikisoihin-2025-lauri-markkanen-johdossa-ja-uusia-tahtia-nousemassa\/","name":"Susijengi valmistautuu koripallon EM-kotikisoihin 2025 \u2013 Lauri Markkanen johdossa ja uusia t\u00e4hti\u00e4 nousemassa - Sportotto.com","isPartOf":{"@id":"https:\/\/sportotto.com\/fi\/#website"},"primaryImageOfPage":{"@id":"https:\/\/sportotto.com\/fi\/uutiset\/susijengi-valmistautuu-koripallon-em-kotikisoihin-2025-lauri-markkanen-johdossa-ja-uusia-tahtia-nousemassa\/#primaryimage"},"image":{"@id":"https:\/\/sportotto.com\/fi\/uutiset\/susijengi-valmistautuu-koripallon-em-kotikisoihin-2025-lauri-markkanen-johdossa-ja-uusia-tahtia-nousemassa\/#primaryimage"},"thumbnailUrl":"https:\/\/sportotto.com\/wp-content\/uploads\/2025\/08\/Susijengi20valmistautuu20koripallon20EM-kotikisoihin20202520E2809320Lauri20Markkanen20johdossa20ja20uusia20tC3A4htiC3A420nousemassa-2025-08-03T053A013A47.348Z.jpg","datePublished":"2025-08-03T05:02:08+00:00","author":{"@id":"https:\/\/sportotto.com\/fi\/#\/schema\/person\/4e717e9d5e7dc8a9563d831e8eff4281"},"breadcrumb":{"@id":"https:\/\/sportotto.com\/fi\/uutiset\/susijengi-valmistautuu-koripallon-em-kotikisoihin-2025-lauri-markkanen-johdossa-ja-uusia-tahtia-nousemassa\/#breadcrumb"},"inLanguage":"fi","potentialAction":[{"@type":"ReadAction","target":["https:\/\/sportotto.com\/fi\/uutiset\/susijengi-valmistautuu-koripallon-em-kotikisoihin-2025-lauri-markkanen-johdossa-ja-uusia-tahtia-nousemassa\/"]}]},{"@type":"ImageObject","inLanguage":"fi","@id":"https:\/\/sportotto.com\/fi\/uutiset\/susijengi-valmistautuu-koripallon-em-kotikisoihin-2025-lauri-markkanen-johdossa-ja-uusia-tahtia-nousemassa\/#primaryimage","url":"https:\/\/sportotto.com\/wp-content\/uploads\/2025\/08\/Susijengi20valmistautuu20koripallon20EM-kotikisoihin20202520E2809320Lauri20Markkanen20johdossa20ja20uusia20tC3A4htiC3A420nousemassa-2025-08-03T053A013A47.348Z.jpg","contentUrl":"https:\/\/sportotto.com\/wp-content\/uploads\/2025\/08\/Susijengi20valmistautuu20koripallon20EM-kotikisoihin20202520E2809320Lauri20Markkanen20johdossa20ja20uusia20tC3A4htiC3A420nousemassa-2025-08-03T053A013A47.348Z.jpg","width":1024,"height":1024},{"@type":"BreadcrumbList","@id":"https:\/\/sportotto.com\/fi\/uutiset\/susijengi-valmistautuu-koripallon-em-kotikisoihin-2025-lauri-markkanen-johdossa-ja-uusia-tahtia-nousemassa\/#breadcrumb","itemListElement":[{"@type":"ListItem","position":1,"name":"Sportotto","item":"https:\/\/sportotto.com\/fi\/"},{"@type":"ListItem","position":2,"name":"Okategoriserad","item":"https:\/\/sportotto.com\/cl\/okategoriserad\/"},{"@type":"ListItem","position":3,"name":"Susijengi valmistautuu koripallon EM-kotikisoihin 2025 \u2013 Lauri Markkanen johdossa ja uusia t\u00e4hti\u00e4 nousemassa"}]},{"@type":"WebSite","@id":"https:\/\/sportotto.com\/fi\/#website","url":"https:\/\/sportotto.com\/fi\/","name":"Sportotto.com","description":"All about sports betting!","potentialAction":[{"@type":"SearchAction","target":{"@type":"EntryPoint","urlTemplate":"https:\/\/sportotto.com\/fi\/?s={search_term_string}"},"query-input":{"@type":"PropertyValueSpecification","valueRequired":true,"valueName":"search_term_string"}}],"inLanguage":"fi"},{"@type":"Person","@id":"https:\/\/sportotto.com\/fi\/#\/schema\/person\/4e717e9d5e7dc8a9563d831e8eff4281","name":"Linus Jung","image":{"@type":"ImageObject","inLanguage":"fi","@id":"https:\/\/secure.gravatar.com\/avatar\/eca1d2df4eae3f7495ac24b159d8abf4d4d395492b5e7c4c934e1b65646f8db3?s=96&d=mm&r=g","url":"https:\/\/secure.gravatar.com\/avatar\/eca1d2df4eae3f7495ac24b159d8abf4d4d395492b5e7c4c934e1b65646f8db3?s=96&d=mm&r=g","contentUrl":"https:\/\/secure.gravatar.com\/avatar\/eca1d2df4eae3f7495ac24b159d8abf4d4d395492b5e7c4c934e1b65646f8db3?s=96&d=mm&r=g","caption":"Linus Jung"}}]}},"_links":{"self":[{"href":"https:\/\/sportotto.com\/fi\/wp-json\/wp\/v2\/posts\/1098","targetHints":{"allow":["GET"]}}],"collection":[{"href":"https:\/\/sportotto.com\/fi\/wp-json\/wp\/v2\/posts"}],"about":[{"href":"https:\/\/sportotto.com\/fi\/wp-json\/wp\/v2\/types\/post"}],"author":[{"embeddable":true,"href":"https:\/\/sportotto.com\/fi\/wp-json\/wp\/v2\/users\/7"}],"replies":[{"embeddable":true,"href":"https:\/\/sportotto.com\/fi\/wp-json\/wp\/v2\/comments?post=1098"}],"version-history":[{"count":0,"href":"https:\/\/sportotto.com\/fi\/wp-json\/wp\/v2\/posts\/1098\/revisions"}],"wp:featuredmedia":[{"embeddable":true,"href":"https:\/\/sportotto.com\/fi\/wp-json\/wp\/v2\/media\/1094"}],"wp:attachment":[{"href":"https:\/\/sportotto.com\/fi\/wp-json\/wp\/v2\/media?parent=1098"}],"wp:term":[{"taxonomy":"category","embeddable":true,"href":"https:\/\/sportotto.com\/fi\/wp-json\/wp\/v2\/categories?post=1098"},{"taxonomy":"post_tag","embeddable":true,"href":"https:\/\/sportotto.com\/fi\/wp-json\/wp\/v2\/tags?post=1098"}],"curies":[{"name":"wp","href":"https:\/\/api.w.org\/{rel}","templated":true}]}}