{"id":1165,"date":"2025-08-15T05:02:03","date_gmt":"2025-08-15T05:02:03","guid":{"rendered":"https:\/\/sportotto.com\/okategoriserad\/rauman-fera-yllatti-virkian-ja-nappasi-kotiedun-naisten-superpesiksen-pudotuspelien-avauksessa\/"},"modified":"2025-08-15T05:02:03","modified_gmt":"2025-08-15T05:02:03","slug":"rauman-fera-yllatti-virkian-ja-nappasi-kotiedun-naisten-superpesiksen-pudotuspelien-avauksessa","status":"publish","type":"post","link":"https:\/\/sportotto.com\/fi\/uutiset\/rauman-fera-yllatti-virkian-ja-nappasi-kotiedun-naisten-superpesiksen-pudotuspelien-avauksessa\/","title":{"rendered":"Rauman Fera yll\u00e4tti Virki\u00e4n ja nappasi kotiedun Naisten Superpesiksen pudotuspelien avauksessa"},"content":{"rendered":"<h1>Rauman Fera yll\u00e4tti Virki\u00e4n ja nappasi kotiedun Naisten Superpesiksen pudotuspelien avauksessa<\/h1>\n<p>Naisten <strong>Superpesis<\/strong> sai pudotuspeleihins\u00e4 draaman kaaren arvoisen aloituksen, kun Rauman Fera matkusti Lapualle ja nappasi sensaatiomaisen 2\u20131-vierasvoiton viime kauden finalisti Lapuan Virki\u00e4n kustannuksella. Samalla Fera ry\u00f6v\u00e4si kotiedun ja otti ison askeleen kohti v\u00e4lier\u00e4haavetta, joka monen mielest\u00e4 oli viel\u00e4 hetki sitten kaukainen.<\/p>\n<h2>Virki\u00e4 aloitti kuin vanha mestari<\/h2>\n<p>Kotijoukkue Virki\u00e4 hallitsi avausjaksoa t\u00e4ysin. Ly\u00f6nnit l\u00f6ysiv\u00e4t tilaa, etenij\u00e4t kotiutuivat, ja taululla komeilivat lukemat 4\u20130. Feran pelaaminen vaikutti varovaiselta, kuin joukkue etsisi viel\u00e4 paikkaansa isossa n\u00e4ytelm\u00e4ss\u00e4.<\/p>\n<h2>Tauon j\u00e4lkeen Fera muuttui toiseksi joukkueeksi<\/h2>\n<p>Ottelun tauolla tapahtui selke\u00e4 muutos. Fera asteli kent\u00e4lle uudella asenteella, ly\u00f6nnit olivat ter\u00e4v\u00e4mpi\u00e4 ja Lapuan puolustus joutui paineen alle. Fera voitti toisen jakson ja vei ottelun supervuoropariin.<\/p>\n<h2>Pinja Toivonen \u2013 hetken sankari<\/h2>\n<p>Supervuorossa <strong>Pinja Toivonen<\/strong> nousi ratkaisijaksi. H\u00e4nen kova ly\u00f6ntins\u00e4 karkasi kauas, ja siit\u00e4 irtosi kunnari, joka sinet\u00f6i Feran voiton. Virki\u00e4 ei en\u00e4\u00e4 t\u00e4st\u00e4 toipunut, ja Fera nappasi paitsi kotiedun, my\u00f6s mittavan itseluottamuksen loppusarjaa varten.<\/p>\n<h2>Sarja on vasta alussa<\/h2>\n<p>Puoliv\u00e4lierist\u00e4 jatkoon etenee kolmella voitolla. Fera johtaa nyt 1\u20130, ja seuraava kamppailu pelataan Raumalla kotijoukkueen edess\u00e4. Virki\u00e4\u00e4 ei silti voi laskea viel\u00e4 ulos: joukkueella on runsaasti kokemusta tiukoista pudotuspeleist\u00e4 ja kyky reagoida nopeasti.<\/p>\n<h2>Toisessa otteluparissa Manse PP vakuutti<\/h2>\n<p>Illan toisessa puoliv\u00e4lier\u00e4ss\u00e4 hallitseva mestari <strong>Manse PP<\/strong> voitti Jyv\u00e4skyl\u00e4n Kiritt\u00e4ret suoraan 2\u20130. Anna Ala-Kauhaluoma iski kunnarin ja yhden juoksun, ja Virpi Hukka toi kaksi t\u00e4rke\u00e4\u00e4 juoksua. Manse johtaa sarjaa nyt 1\u20130, ja seuraava ottelu pelataan Tampereella.<\/p>\n<h2>Kaksi erilaista tarinaa<\/h2>\n<p>Fera\u2013Virki\u00e4-sarja on asetelmaltaan kiehtova:<\/p>\n<ul>\n<li>Kokenut voittaja, joka on tottunut suurten pelien paineeseen<\/li>\n<li>Innostunut haastaja, joka etsii paikkaansa huipulla<\/li>\n<\/ul>\n<p>Yksi onnistuminen voi k\u00e4\u00e4nt\u00e4\u00e4 koko sarjan suunnan, ja jokainen juoksu on arvokas.<\/p>\n<h2>Seuraavat ottelut<\/h2>\n<ul>\n<li><strong>Fera \u2013 Virki\u00e4<\/strong> (2. puoliv\u00e4lier\u00e4) Raumalla<\/li>\n<li><strong>Manse PP \u2013 Kiritt\u00e4ret<\/strong> (2. puoliv\u00e4lier\u00e4) Tampereella<\/li>\n<\/ul>\n<p>J\u00e4nnitys kasvaa \u2013 kumpi ottaa seuraavan askeleen kohti v\u00e4lier\u00e4paikkaa?<\/p>\n","protected":false},"excerpt":{"rendered":"<p>Rauman Fera yll\u00e4tti Virki\u00e4n ja nappasi kotiedun Naisten Superpesiksen pudotuspelien avauksessa Naisten Superpesis sai pudotuspeleihins\u00e4 draaman kaaren arvoisen aloituksen, kun&#8230;<\/p>\n","protected":false},"author":7,"featured_media":1161,"comment_status":"open","ping_status":"open","sticky":false,"template":"","format":"standard","meta":{"_acf_changed":false,"footnotes":""},"categories":[37],"tags":[],"class_list":["post-1165","post","type-post","status-publish","format-standard","has-post-thumbnail","hentry","category-uutiset"],"acf":[],"yoast_head":"<!-- This site is optimized with the Yoast SEO plugin v27.4 - https:\/\/yoast.com\/product\/yoast-seo-wordpress\/ -->\n<title>Rauman Fera yll\u00e4tti Virki\u00e4n ja nappasi kotiedun Naisten Superpesiksen pudotuspelien avauksessa - Sportotto.com<\/title>\n<meta name=\"robots\" content=\"index, follow, max-snippet:-1, max-image-preview:large, max-video-preview:-1\" \/>\n<link rel=\"canonical\" href=\"https:\/\/sportotto.com\/fi\/uutiset\/rauman-fera-yllatti-virkian-ja-nappasi-kotiedun-naisten-superpesiksen-pudotuspelien-avauksessa\/\" \/>\n<meta property=\"og:locale\" content=\"fi_FI\" \/>\n<meta property=\"og:type\" content=\"article\" \/>\n<meta property=\"og:title\" content=\"Rauman Fera yll\u00e4tti Virki\u00e4n ja nappasi kotiedun Naisten Superpesiksen pudotuspelien avauksessa - Sportotto.com\" \/>\n<meta property=\"og:description\" content=\"Rauman Fera yll\u00e4tti Virki\u00e4n ja nappasi kotiedun Naisten Superpesiksen pudotuspelien avauksessa Naisten Superpesis sai pudotuspeleihins\u00e4 draaman kaaren arvoisen aloituksen, kun...\" \/>\n<meta property=\"og:url\" content=\"https:\/\/sportotto.com\/fi\/uutiset\/rauman-fera-yllatti-virkian-ja-nappasi-kotiedun-naisten-superpesiksen-pudotuspelien-avauksessa\/\" \/>\n<meta property=\"og:site_name\" content=\"Sportotto.com\" \/>\n<meta property=\"article:published_time\" content=\"2025-08-15T05:02:03+00:00\" \/>\n<meta name=\"author\" content=\"Linus Jung\" \/>\n<meta name=\"twitter:card\" content=\"summary_large_image\" \/>\n<meta name=\"twitter:label1\" content=\"Kirjoittanut\" \/>\n\t<meta name=\"twitter:data1\" content=\"Linus Jung\" \/>\n\t<meta name=\"twitter:label2\" content=\"Arvioitu lukuaika\" \/>\n\t<meta name=\"twitter:data2\" content=\"2 minuuttia\" \/>\n<script type=\"application\/ld+json\" class=\"yoast-schema-graph\">{\"@context\":\"https:\\\/\\\/schema.org\",\"@graph\":[{\"@type\":\"Article\",\"@id\":\"https:\\\/\\\/sportotto.com\\\/fi\\\/uutiset\\\/rauman-fera-yllatti-virkian-ja-nappasi-kotiedun-naisten-superpesiksen-pudotuspelien-avauksessa\\\/#article\",\"isPartOf\":{\"@id\":\"https:\\\/\\\/sportotto.com\\\/fi\\\/uutiset\\\/rauman-fera-yllatti-virkian-ja-nappasi-kotiedun-naisten-superpesiksen-pudotuspelien-avauksessa\\\/\"},\"author\":{\"name\":\"Linus Jung\",\"@id\":\"https:\\\/\\\/sportotto.com\\\/fi\\\/#\\\/schema\\\/person\\\/4e717e9d5e7dc8a9563d831e8eff4281\"},\"headline\":\"Rauman Fera yll\u00e4tti Virki\u00e4n ja nappasi kotiedun Naisten Superpesiksen pudotuspelien avauksessa\",\"datePublished\":\"2025-08-15T05:02:03+00:00\",\"mainEntityOfPage\":{\"@id\":\"https:\\\/\\\/sportotto.com\\\/fi\\\/uutiset\\\/rauman-fera-yllatti-virkian-ja-nappasi-kotiedun-naisten-superpesiksen-pudotuspelien-avauksessa\\\/\"},\"wordCount\":332,\"commentCount\":0,\"image\":{\"@id\":\"https:\\\/\\\/sportotto.com\\\/fi\\\/uutiset\\\/rauman-fera-yllatti-virkian-ja-nappasi-kotiedun-naisten-superpesiksen-pudotuspelien-avauksessa\\\/#primaryimage\"},\"thumbnailUrl\":\"https:\\\/\\\/sportotto.com\\\/wp-content\\\/uploads\\\/2025\\\/08\\\/Rauman20Fera20yllC3A4tti20VirkiC3A4n20ja20nappasi20kotiedun20Naisten20Superpesiksen20pudotuspelien20avauksessa-2025-08-15T053A013A55.829Z.jpg\",\"articleSection\":[\"Uutiset\"],\"inLanguage\":\"fi\",\"potentialAction\":[{\"@type\":\"CommentAction\",\"name\":\"Comment\",\"target\":[\"https:\\\/\\\/sportotto.com\\\/fi\\\/uutiset\\\/rauman-fera-yllatti-virkian-ja-nappasi-kotiedun-naisten-superpesiksen-pudotuspelien-avauksessa\\\/#respond\"]}]},{\"@type\":\"WebPage\",\"@id\":\"https:\\\/\\\/sportotto.com\\\/fi\\\/uutiset\\\/rauman-fera-yllatti-virkian-ja-nappasi-kotiedun-naisten-superpesiksen-pudotuspelien-avauksessa\\\/\",\"url\":\"https:\\\/\\\/sportotto.com\\\/fi\\\/uutiset\\\/rauman-fera-yllatti-virkian-ja-nappasi-kotiedun-naisten-superpesiksen-pudotuspelien-avauksessa\\\/\",\"name\":\"Rauman Fera yll\u00e4tti Virki\u00e4n ja nappasi kotiedun Naisten Superpesiksen pudotuspelien avauksessa - Sportotto.com\",\"isPartOf\":{\"@id\":\"https:\\\/\\\/sportotto.com\\\/fi\\\/#website\"},\"primaryImageOfPage\":{\"@id\":\"https:\\\/\\\/sportotto.com\\\/fi\\\/uutiset\\\/rauman-fera-yllatti-virkian-ja-nappasi-kotiedun-naisten-superpesiksen-pudotuspelien-avauksessa\\\/#primaryimage\"},\"image\":{\"@id\":\"https:\\\/\\\/sportotto.com\\\/fi\\\/uutiset\\\/rauman-fera-yllatti-virkian-ja-nappasi-kotiedun-naisten-superpesiksen-pudotuspelien-avauksessa\\\/#primaryimage\"},\"thumbnailUrl\":\"https:\\\/\\\/sportotto.com\\\/wp-content\\\/uploads\\\/2025\\\/08\\\/Rauman20Fera20yllC3A4tti20VirkiC3A4n20ja20nappasi20kotiedun20Naisten20Superpesiksen20pudotuspelien20avauksessa-2025-08-15T053A013A55.829Z.jpg\",\"datePublished\":\"2025-08-15T05:02:03+00:00\",\"author\":{\"@id\":\"https:\\\/\\\/sportotto.com\\\/fi\\\/#\\\/schema\\\/person\\\/4e717e9d5e7dc8a9563d831e8eff4281\"},\"breadcrumb\":{\"@id\":\"https:\\\/\\\/sportotto.com\\\/fi\\\/uutiset\\\/rauman-fera-yllatti-virkian-ja-nappasi-kotiedun-naisten-superpesiksen-pudotuspelien-avauksessa\\\/#breadcrumb\"},\"inLanguage\":\"fi\",\"potentialAction\":[{\"@type\":\"ReadAction\",\"target\":[\"https:\\\/\\\/sportotto.com\\\/fi\\\/uutiset\\\/rauman-fera-yllatti-virkian-ja-nappasi-kotiedun-naisten-superpesiksen-pudotuspelien-avauksessa\\\/\"]}]},{\"@type\":\"ImageObject\",\"inLanguage\":\"fi\",\"@id\":\"https:\\\/\\\/sportotto.com\\\/fi\\\/uutiset\\\/rauman-fera-yllatti-virkian-ja-nappasi-kotiedun-naisten-superpesiksen-pudotuspelien-avauksessa\\\/#primaryimage\",\"url\":\"https:\\\/\\\/sportotto.com\\\/wp-content\\\/uploads\\\/2025\\\/08\\\/Rauman20Fera20yllC3A4tti20VirkiC3A4n20ja20nappasi20kotiedun20Naisten20Superpesiksen20pudotuspelien20avauksessa-2025-08-15T053A013A55.829Z.jpg\",\"contentUrl\":\"https:\\\/\\\/sportotto.com\\\/wp-content\\\/uploads\\\/2025\\\/08\\\/Rauman20Fera20yllC3A4tti20VirkiC3A4n20ja20nappasi20kotiedun20Naisten20Superpesiksen20pudotuspelien20avauksessa-2025-08-15T053A013A55.829Z.jpg\",\"width\":1024,\"height\":1024},{\"@type\":\"BreadcrumbList\",\"@id\":\"https:\\\/\\\/sportotto.com\\\/fi\\\/uutiset\\\/rauman-fera-yllatti-virkian-ja-nappasi-kotiedun-naisten-superpesiksen-pudotuspelien-avauksessa\\\/#breadcrumb\",\"itemListElement\":[{\"@type\":\"ListItem\",\"position\":1,\"name\":\"Sportotto\",\"item\":\"https:\\\/\\\/sportotto.com\\\/fi\\\/\"},{\"@type\":\"ListItem\",\"position\":2,\"name\":\"Okategoriserad\",\"item\":\"https:\\\/\\\/sportotto.com\\\/cl\\\/okategoriserad\\\/\"},{\"@type\":\"ListItem\",\"position\":3,\"name\":\"Rauman Fera yll\u00e4tti Virki\u00e4n ja nappasi kotiedun Naisten Superpesiksen pudotuspelien avauksessa\"}]},{\"@type\":\"WebSite\",\"@id\":\"https:\\\/\\\/sportotto.com\\\/fi\\\/#website\",\"url\":\"https:\\\/\\\/sportotto.com\\\/fi\\\/\",\"name\":\"Sportotto.com\",\"description\":\"All about sports betting!\",\"potentialAction\":[{\"@type\":\"SearchAction\",\"target\":{\"@type\":\"EntryPoint\",\"urlTemplate\":\"https:\\\/\\\/sportotto.com\\\/fi\\\/?s={search_term_string}\"},\"query-input\":{\"@type\":\"PropertyValueSpecification\",\"valueRequired\":true,\"valueName\":\"search_term_string\"}}],\"inLanguage\":\"fi\"},{\"@type\":\"Person\",\"@id\":\"https:\\\/\\\/sportotto.com\\\/fi\\\/#\\\/schema\\\/person\\\/4e717e9d5e7dc8a9563d831e8eff4281\",\"name\":\"Linus Jung\",\"image\":{\"@type\":\"ImageObject\",\"inLanguage\":\"fi\",\"@id\":\"https:\\\/\\\/secure.gravatar.com\\\/avatar\\\/eca1d2df4eae3f7495ac24b159d8abf4d4d395492b5e7c4c934e1b65646f8db3?s=96&d=mm&r=g\",\"url\":\"https:\\\/\\\/secure.gravatar.com\\\/avatar\\\/eca1d2df4eae3f7495ac24b159d8abf4d4d395492b5e7c4c934e1b65646f8db3?s=96&d=mm&r=g\",\"contentUrl\":\"https:\\\/\\\/secure.gravatar.com\\\/avatar\\\/eca1d2df4eae3f7495ac24b159d8abf4d4d395492b5e7c4c934e1b65646f8db3?s=96&d=mm&r=g\",\"caption\":\"Linus Jung\"}}]}<\/script>\n<!-- \/ Yoast SEO plugin. -->","yoast_head_json":{"title":"Rauman Fera yll\u00e4tti Virki\u00e4n ja nappasi kotiedun Naisten Superpesiksen pudotuspelien avauksessa - Sportotto.com","robots":{"index":"index","follow":"follow","max-snippet":"max-snippet:-1","max-image-preview":"max-image-preview:large","max-video-preview":"max-video-preview:-1"},"canonical":"https:\/\/sportotto.com\/fi\/uutiset\/rauman-fera-yllatti-virkian-ja-nappasi-kotiedun-naisten-superpesiksen-pudotuspelien-avauksessa\/","og_locale":"fi_FI","og_type":"article","og_title":"Rauman Fera yll\u00e4tti Virki\u00e4n ja nappasi kotiedun Naisten Superpesiksen pudotuspelien avauksessa - Sportotto.com","og_description":"Rauman Fera yll\u00e4tti Virki\u00e4n ja nappasi kotiedun Naisten Superpesiksen pudotuspelien avauksessa Naisten Superpesis sai pudotuspeleihins\u00e4 draaman kaaren arvoisen aloituksen, kun...","og_url":"https:\/\/sportotto.com\/fi\/uutiset\/rauman-fera-yllatti-virkian-ja-nappasi-kotiedun-naisten-superpesiksen-pudotuspelien-avauksessa\/","og_site_name":"Sportotto.com","article_published_time":"2025-08-15T05:02:03+00:00","author":"Linus Jung","twitter_card":"summary_large_image","twitter_misc":{"Kirjoittanut":"Linus Jung","Arvioitu lukuaika":"2 minuuttia"},"schema":{"@context":"https:\/\/schema.org","@graph":[{"@type":"Article","@id":"https:\/\/sportotto.com\/fi\/uutiset\/rauman-fera-yllatti-virkian-ja-nappasi-kotiedun-naisten-superpesiksen-pudotuspelien-avauksessa\/#article","isPartOf":{"@id":"https:\/\/sportotto.com\/fi\/uutiset\/rauman-fera-yllatti-virkian-ja-nappasi-kotiedun-naisten-superpesiksen-pudotuspelien-avauksessa\/"},"author":{"name":"Linus Jung","@id":"https:\/\/sportotto.com\/fi\/#\/schema\/person\/4e717e9d5e7dc8a9563d831e8eff4281"},"headline":"Rauman Fera yll\u00e4tti Virki\u00e4n ja nappasi kotiedun Naisten Superpesiksen pudotuspelien avauksessa","datePublished":"2025-08-15T05:02:03+00:00","mainEntityOfPage":{"@id":"https:\/\/sportotto.com\/fi\/uutiset\/rauman-fera-yllatti-virkian-ja-nappasi-kotiedun-naisten-superpesiksen-pudotuspelien-avauksessa\/"},"wordCount":332,"commentCount":0,"image":{"@id":"https:\/\/sportotto.com\/fi\/uutiset\/rauman-fera-yllatti-virkian-ja-nappasi-kotiedun-naisten-superpesiksen-pudotuspelien-avauksessa\/#primaryimage"},"thumbnailUrl":"https:\/\/sportotto.com\/wp-content\/uploads\/2025\/08\/Rauman20Fera20yllC3A4tti20VirkiC3A4n20ja20nappasi20kotiedun20Naisten20Superpesiksen20pudotuspelien20avauksessa-2025-08-15T053A013A55.829Z.jpg","articleSection":["Uutiset"],"inLanguage":"fi","potentialAction":[{"@type":"CommentAction","name":"Comment","target":["https:\/\/sportotto.com\/fi\/uutiset\/rauman-fera-yllatti-virkian-ja-nappasi-kotiedun-naisten-superpesiksen-pudotuspelien-avauksessa\/#respond"]}]},{"@type":"WebPage","@id":"https:\/\/sportotto.com\/fi\/uutiset\/rauman-fera-yllatti-virkian-ja-nappasi-kotiedun-naisten-superpesiksen-pudotuspelien-avauksessa\/","url":"https:\/\/sportotto.com\/fi\/uutiset\/rauman-fera-yllatti-virkian-ja-nappasi-kotiedun-naisten-superpesiksen-pudotuspelien-avauksessa\/","name":"Rauman Fera yll\u00e4tti Virki\u00e4n ja nappasi kotiedun Naisten Superpesiksen pudotuspelien avauksessa - Sportotto.com","isPartOf":{"@id":"https:\/\/sportotto.com\/fi\/#website"},"primaryImageOfPage":{"@id":"https:\/\/sportotto.com\/fi\/uutiset\/rauman-fera-yllatti-virkian-ja-nappasi-kotiedun-naisten-superpesiksen-pudotuspelien-avauksessa\/#primaryimage"},"image":{"@id":"https:\/\/sportotto.com\/fi\/uutiset\/rauman-fera-yllatti-virkian-ja-nappasi-kotiedun-naisten-superpesiksen-pudotuspelien-avauksessa\/#primaryimage"},"thumbnailUrl":"https:\/\/sportotto.com\/wp-content\/uploads\/2025\/08\/Rauman20Fera20yllC3A4tti20VirkiC3A4n20ja20nappasi20kotiedun20Naisten20Superpesiksen20pudotuspelien20avauksessa-2025-08-15T053A013A55.829Z.jpg","datePublished":"2025-08-15T05:02:03+00:00","author":{"@id":"https:\/\/sportotto.com\/fi\/#\/schema\/person\/4e717e9d5e7dc8a9563d831e8eff4281"},"breadcrumb":{"@id":"https:\/\/sportotto.com\/fi\/uutiset\/rauman-fera-yllatti-virkian-ja-nappasi-kotiedun-naisten-superpesiksen-pudotuspelien-avauksessa\/#breadcrumb"},"inLanguage":"fi","potentialAction":[{"@type":"ReadAction","target":["https:\/\/sportotto.com\/fi\/uutiset\/rauman-fera-yllatti-virkian-ja-nappasi-kotiedun-naisten-superpesiksen-pudotuspelien-avauksessa\/"]}]},{"@type":"ImageObject","inLanguage":"fi","@id":"https:\/\/sportotto.com\/fi\/uutiset\/rauman-fera-yllatti-virkian-ja-nappasi-kotiedun-naisten-superpesiksen-pudotuspelien-avauksessa\/#primaryimage","url":"https:\/\/sportotto.com\/wp-content\/uploads\/2025\/08\/Rauman20Fera20yllC3A4tti20VirkiC3A4n20ja20nappasi20kotiedun20Naisten20Superpesiksen20pudotuspelien20avauksessa-2025-08-15T053A013A55.829Z.jpg","contentUrl":"https:\/\/sportotto.com\/wp-content\/uploads\/2025\/08\/Rauman20Fera20yllC3A4tti20VirkiC3A4n20ja20nappasi20kotiedun20Naisten20Superpesiksen20pudotuspelien20avauksessa-2025-08-15T053A013A55.829Z.jpg","width":1024,"height":1024},{"@type":"BreadcrumbList","@id":"https:\/\/sportotto.com\/fi\/uutiset\/rauman-fera-yllatti-virkian-ja-nappasi-kotiedun-naisten-superpesiksen-pudotuspelien-avauksessa\/#breadcrumb","itemListElement":[{"@type":"ListItem","position":1,"name":"Sportotto","item":"https:\/\/sportotto.com\/fi\/"},{"@type":"ListItem","position":2,"name":"Okategoriserad","item":"https:\/\/sportotto.com\/cl\/okategoriserad\/"},{"@type":"ListItem","position":3,"name":"Rauman Fera yll\u00e4tti Virki\u00e4n ja nappasi kotiedun Naisten Superpesiksen pudotuspelien avauksessa"}]},{"@type":"WebSite","@id":"https:\/\/sportotto.com\/fi\/#website","url":"https:\/\/sportotto.com\/fi\/","name":"Sportotto.com","description":"All about sports betting!","potentialAction":[{"@type":"SearchAction","target":{"@type":"EntryPoint","urlTemplate":"https:\/\/sportotto.com\/fi\/?s={search_term_string}"},"query-input":{"@type":"PropertyValueSpecification","valueRequired":true,"valueName":"search_term_string"}}],"inLanguage":"fi"},{"@type":"Person","@id":"https:\/\/sportotto.com\/fi\/#\/schema\/person\/4e717e9d5e7dc8a9563d831e8eff4281","name":"Linus Jung","image":{"@type":"ImageObject","inLanguage":"fi","@id":"https:\/\/secure.gravatar.com\/avatar\/eca1d2df4eae3f7495ac24b159d8abf4d4d395492b5e7c4c934e1b65646f8db3?s=96&d=mm&r=g","url":"https:\/\/secure.gravatar.com\/avatar\/eca1d2df4eae3f7495ac24b159d8abf4d4d395492b5e7c4c934e1b65646f8db3?s=96&d=mm&r=g","contentUrl":"https:\/\/secure.gravatar.com\/avatar\/eca1d2df4eae3f7495ac24b159d8abf4d4d395492b5e7c4c934e1b65646f8db3?s=96&d=mm&r=g","caption":"Linus Jung"}}]}},"_links":{"self":[{"href":"https:\/\/sportotto.com\/fi\/wp-json\/wp\/v2\/posts\/1165","targetHints":{"allow":["GET"]}}],"collection":[{"href":"https:\/\/sportotto.com\/fi\/wp-json\/wp\/v2\/posts"}],"about":[{"href":"https:\/\/sportotto.com\/fi\/wp-json\/wp\/v2\/types\/post"}],"author":[{"embeddable":true,"href":"https:\/\/sportotto.com\/fi\/wp-json\/wp\/v2\/users\/7"}],"replies":[{"embeddable":true,"href":"https:\/\/sportotto.com\/fi\/wp-json\/wp\/v2\/comments?post=1165"}],"version-history":[{"count":0,"href":"https:\/\/sportotto.com\/fi\/wp-json\/wp\/v2\/posts\/1165\/revisions"}],"wp:featuredmedia":[{"embeddable":true,"href":"https:\/\/sportotto.com\/fi\/wp-json\/wp\/v2\/media\/1161"}],"wp:attachment":[{"href":"https:\/\/sportotto.com\/fi\/wp-json\/wp\/v2\/media?parent=1165"}],"wp:term":[{"taxonomy":"category","embeddable":true,"href":"https:\/\/sportotto.com\/fi\/wp-json\/wp\/v2\/categories?post=1165"},{"taxonomy":"post_tag","embeddable":true,"href":"https:\/\/sportotto.com\/fi\/wp-json\/wp\/v2\/tags?post=1165"}],"curies":[{"name":"wp","href":"https:\/\/api.w.org\/{rel}","templated":true}]}}