{"id":1266,"date":"2025-08-30T05:01:44","date_gmt":"2025-08-30T05:01:44","guid":{"rendered":"https:\/\/sportotto.com\/okategoriserad\/kun-suomi-ja-ruotsi-sytyttivat-stadionin-anders-garderud-muistelee-maaottelun-intohimoa-ja-kiihkeaa-kilpailuhenkea\/"},"modified":"2025-08-30T05:01:44","modified_gmt":"2025-08-30T05:01:44","slug":"kun-suomi-ja-ruotsi-sytyttivat-stadionin-anders-garderud-muistelee-maaottelun-intohimoa-ja-kiihkeaa-kilpailuhenkea","status":"publish","type":"post","link":"https:\/\/sportotto.com\/fi\/uutiset\/kun-suomi-ja-ruotsi-sytyttivat-stadionin-anders-garderud-muistelee-maaottelun-intohimoa-ja-kiihkeaa-kilpailuhenkea\/","title":{"rendered":"Kun Suomi ja Ruotsi sytyttiv\u00e4t stadionin \u2013 Anders G\u00e4rderud muistelee maaottelun intohimoa ja kiihke\u00e4\u00e4 kilpailuhenke\u00e4"},"content":{"rendered":"<h1>Kun Suomi ja Ruotsi sytyttiv\u00e4t stadionin \u2013 Anders G\u00e4rderud muistelee maaottelun intohimoa ja kiihke\u00e4\u00e4 kilpailuhenke\u00e4<\/h1>\n<p>Suomen ja Ruotsin v\u00e4linen yleisurheilumaaottelu on vuosikymmenien ajan ollut ilmi\u00f6, joka on ylitt\u00e4nyt urheilun normaalit rajat. Kyse ei ollut pelk\u00e4st\u00e4\u00e4n juoksuajoista tai heittotuloksista, vaan <strong>kansallisesta kunnia-asiasta<\/strong>. Ottelu sytytti tunteita, joita ei voinut mitata sekunneissa tai metreiss\u00e4.<\/p>\n<h2>Muistot ajalta, jolloin stadion kirjaimellisesti jylisi<\/h2>\n<p>Ruotsin estejuoksun legenda Anders G\u00e4rderud, nyt 79-vuotias, on kertonut Ylen haastattelussa, kuinka kiihkeiss\u00e4 tunnelmissa maaottelut 1960\u201370-luvuilla k\u00e4ytiin. H\u00e4n muistaa ajat, jolloin stadionin energia oli niin v\u00e4kev\u00e4\u00e4, ett\u00e4 ottelijat pysyiv\u00e4t turvallisuussyist\u00e4 hotellin seinien sis\u00e4ll\u00e4.<\/p>\n<h2>Montrealin olympiavoittaja mutta syd\u00e4mess\u00e4\u00e4n maaottelumies<\/h2>\n<p>Vuonna 1976 G\u00e4rderud juoksi Montrealissa olympiakultaan uudella maailmanenn\u00e4tysajalla. Samana iltana suomalaiset juhlivat oman sankarinsa, Lasse Vir\u00e9nin, voittoja. Ja silti, mit\u00e4 enemm\u00e4n vuosikymmeni\u00e4 on kulunut, sen kirkkaammaksi ovat nousseet muistot Suomi\u2013Ruotsi-maaotteluista \u2013 ei olympiavoitot.<\/p>\n<p>G\u00e4rderudin mukaan <strong>maaottelut olivat suomalaisille itsetunnon kysymys<\/strong>. Sodan varjot ja kansallinen kaipuu n\u00e4yt\u00f6npaikkoihin tekiv\u00e4t kilpailuista enemm\u00e4n kuin urheilua. T\u00e4ytt\u00e4 katsomoa, liehuvia lippuja ja j\u00e4nnittynytt\u00e4 tunnelmaa ei voinut verrata mihink\u00e4\u00e4n muuhun.<\/p>\n<h2>Radalla ja sen ulkopuolella kuumeni<\/h2>\n<p>Kuin sodan jatkeena, maaottelut synnyttiv\u00e4t kipakkaa kilpailua my\u00f6s kaduilla. Ruotsalaisjoukkueen hotelliel\u00e4m\u00e4\u00e4 varjeltiin tarkkaan, etteiv\u00e4t iltakahnaukset yltyisi liian vaarallisiksi.<\/p>\n<ul>\n<li>Kovaotteisia kamppailuja<\/li>\n<li>Protesteja tuomareiden p\u00e4\u00e4t\u00f6ksist\u00e4<\/li>\n<li>Katkeria hylk\u00e4yksi\u00e4 ja sovinnon maljannostoja<\/li>\n<\/ul>\n<p>Vuonna 1969 Tukholmassa l\u00e4mp\u00f6tila nousi \u00e4\u00e4rirajoille, kun keih\u00e4smiehet Pauli Nevala ja Jorma Kinnunen hermostuivat ja protestoivat n\u00e4ytt\u00e4v\u00e4sti. My\u00f6s yleis\u00f6 otti ottelut syd\u00e4men asiaksi \u2013 joskus liiankin tulisesti.<\/p>\n<h2>Presidentti tasoittamassa kiihkoa<\/h2>\n<p>Yhden kerran Olympiastadionin tunnelma oli niin tulehtunut, ett\u00e4 presidentti <strong>Urho Kekkonen<\/strong> itse saapui puhumaan yleis\u00f6lle. H\u00e4nen sanansa toimivat j\u00e4\u00e4hdyttimen\u00e4, ja t\u00e4m\u00e4 hetki j\u00e4i historiaan osoituksena siit\u00e4, kuinka merkitt\u00e4v\u00e4 maaottelu suomalaisille oli.<\/p>\n<h2>Ajan tuoma muutos<\/h2>\n<p>Nykyisin Suomi\u2013Ruotsi-maaottelu ei en\u00e4\u00e4 sytyt\u00e4 samanlaisia intohimoja. Ammattiurheilun, globaalien kisojen ja sosiaalisen median keskell\u00e4 ottelu ei nouse otsikoihin samalla tavalla kuin ennen. Silti jotakin ainutlaatuista on s\u00e4ilynyt: kyseess\u00e4 on edelleen maailman ainoa vuosittain j\u00e4rjestett\u00e4v\u00e4 yleisurheilumaaottelu.<\/p>\n<h2>Urheilua suurempi tarina<\/h2>\n<p>G\u00e4rderudin muistot ovat todiste siit\u00e4, ett\u00e4 urheilu on osa kansakunnan sielua. Maaottelut eiv\u00e4t olleet vain pisteit\u00e4 taulukossa, vaan kertomuksia yst\u00e4vyydest\u00e4, kilpailuvimmasta, pettymyksist\u00e4 ja yll\u00e4tt\u00e4vist\u00e4 sovinnoista. H\u00e4nen Montrealissa juoksemansa entinen maailmanenn\u00e4tys ei en\u00e4\u00e4 komeile listojen k\u00e4rjess\u00e4, mutta h\u00e4nen nimens\u00e4 ja tarinat el\u00e4v\u00e4t yh\u00e4.<\/p>\n<h2>Vaihtoehtoiset otsikot<\/h2>\n<ul>\n<li><strong>\u201dSilloin kun maaottelu oli sotaa \u2013 Anders G\u00e4rderud muistaa poistumiskiellot, protestit ja konjakkimaljat\u201d<\/strong><\/li>\n<li><strong>\u201dSuomi vastaan Ruotsi: kun yleisurheilu oli koko kansan taistelu\u201d<\/strong><\/li>\n<li><strong>\u201dOlympiavoittaja G\u00e4rderud: \u2019Suomen itsetunto teki maaotteluista kiihkeit\u00e4 kuin koskaan\u2019\u201d<\/strong><\/li>\n<\/ul>\n<p>Miten itse n\u00e4kisit tulevaisuuden \u2013 <strong>pit\u00e4isik\u00f6 Suomi\u2013Ruotsi-maaottelun nousta viel\u00e4 kerran entiseen loistoonsa<\/strong>, vai kuuluuko se aikakausien historiaan, joita en\u00e4\u00e4 ei voi rakentaa uudelleen?<\/p>\n","protected":false},"excerpt":{"rendered":"<p>Kun Suomi ja Ruotsi sytyttiv\u00e4t stadionin \u2013 Anders G\u00e4rderud muistelee maaottelun intohimoa ja kiihke\u00e4\u00e4 kilpailuhenke\u00e4 Suomen ja Ruotsin v\u00e4linen yleisurheilumaaottelu&#8230;<\/p>\n","protected":false},"author":7,"featured_media":1262,"comment_status":"open","ping_status":"open","sticky":false,"template":"","format":"standard","meta":{"_acf_changed":false,"footnotes":""},"categories":[37],"tags":[],"class_list":["post-1266","post","type-post","status-publish","format-standard","has-post-thumbnail","hentry","category-uutiset"],"acf":[],"yoast_head":"<!-- This site is optimized with the Yoast SEO plugin v27.4 - https:\/\/yoast.com\/product\/yoast-seo-wordpress\/ -->\n<title>Kun Suomi ja Ruotsi sytyttiv\u00e4t stadionin \u2013 Anders G\u00e4rderud muistelee maaottelun intohimoa ja kiihke\u00e4\u00e4 kilpailuhenke\u00e4 - Sportotto.com<\/title>\n<meta name=\"robots\" content=\"index, follow, max-snippet:-1, max-image-preview:large, max-video-preview:-1\" \/>\n<link rel=\"canonical\" href=\"https:\/\/sportotto.com\/fi\/uutiset\/kun-suomi-ja-ruotsi-sytyttivat-stadionin-anders-garderud-muistelee-maaottelun-intohimoa-ja-kiihkeaa-kilpailuhenkea\/\" \/>\n<meta property=\"og:locale\" content=\"fi_FI\" \/>\n<meta property=\"og:type\" content=\"article\" \/>\n<meta property=\"og:title\" content=\"Kun Suomi ja Ruotsi sytyttiv\u00e4t stadionin \u2013 Anders G\u00e4rderud muistelee maaottelun intohimoa ja kiihke\u00e4\u00e4 kilpailuhenke\u00e4 - Sportotto.com\" \/>\n<meta property=\"og:description\" content=\"Kun Suomi ja Ruotsi sytyttiv\u00e4t stadionin \u2013 Anders G\u00e4rderud muistelee maaottelun intohimoa ja kiihke\u00e4\u00e4 kilpailuhenke\u00e4 Suomen ja Ruotsin v\u00e4linen yleisurheilumaaottelu...\" \/>\n<meta property=\"og:url\" content=\"https:\/\/sportotto.com\/fi\/uutiset\/kun-suomi-ja-ruotsi-sytyttivat-stadionin-anders-garderud-muistelee-maaottelun-intohimoa-ja-kiihkeaa-kilpailuhenkea\/\" \/>\n<meta property=\"og:site_name\" content=\"Sportotto.com\" \/>\n<meta property=\"article:published_time\" content=\"2025-08-30T05:01:44+00:00\" \/>\n<meta name=\"author\" content=\"Linus Jung\" \/>\n<meta name=\"twitter:card\" content=\"summary_large_image\" \/>\n<meta name=\"twitter:label1\" content=\"Kirjoittanut\" \/>\n\t<meta name=\"twitter:data1\" content=\"Linus Jung\" \/>\n\t<meta name=\"twitter:label2\" content=\"Arvioitu lukuaika\" \/>\n\t<meta name=\"twitter:data2\" content=\"2 minuuttia\" \/>\n<script type=\"application\/ld+json\" class=\"yoast-schema-graph\">{\"@context\":\"https:\\\/\\\/schema.org\",\"@graph\":[{\"@type\":\"Article\",\"@id\":\"https:\\\/\\\/sportotto.com\\\/fi\\\/uutiset\\\/kun-suomi-ja-ruotsi-sytyttivat-stadionin-anders-garderud-muistelee-maaottelun-intohimoa-ja-kiihkeaa-kilpailuhenkea\\\/#article\",\"isPartOf\":{\"@id\":\"https:\\\/\\\/sportotto.com\\\/fi\\\/uutiset\\\/kun-suomi-ja-ruotsi-sytyttivat-stadionin-anders-garderud-muistelee-maaottelun-intohimoa-ja-kiihkeaa-kilpailuhenkea\\\/\"},\"author\":{\"name\":\"Linus Jung\",\"@id\":\"https:\\\/\\\/sportotto.com\\\/fi\\\/#\\\/schema\\\/person\\\/4e717e9d5e7dc8a9563d831e8eff4281\"},\"headline\":\"Kun Suomi ja Ruotsi sytyttiv\u00e4t stadionin \u2013 Anders G\u00e4rderud muistelee maaottelun intohimoa ja kiihke\u00e4\u00e4 kilpailuhenke\u00e4\",\"datePublished\":\"2025-08-30T05:01:44+00:00\",\"mainEntityOfPage\":{\"@id\":\"https:\\\/\\\/sportotto.com\\\/fi\\\/uutiset\\\/kun-suomi-ja-ruotsi-sytyttivat-stadionin-anders-garderud-muistelee-maaottelun-intohimoa-ja-kiihkeaa-kilpailuhenkea\\\/\"},\"wordCount\":468,\"commentCount\":0,\"image\":{\"@id\":\"https:\\\/\\\/sportotto.com\\\/fi\\\/uutiset\\\/kun-suomi-ja-ruotsi-sytyttivat-stadionin-anders-garderud-muistelee-maaottelun-intohimoa-ja-kiihkeaa-kilpailuhenkea\\\/#primaryimage\"},\"thumbnailUrl\":\"https:\\\/\\\/sportotto.com\\\/wp-content\\\/uploads\\\/2025\\\/08\\\/Kun20Suomi20ja20Ruotsi20sytyttivC3A4t20stadionin20E2809320Anders20GC3A4rderud20muistelee20maaottelun20intohimoa20ja20kiihkeC3A4C3A420kilpailuhenkeC3A4-2025-08-30T053A013A33.887Z.jpg\",\"articleSection\":[\"Uutiset\"],\"inLanguage\":\"fi\",\"potentialAction\":[{\"@type\":\"CommentAction\",\"name\":\"Comment\",\"target\":[\"https:\\\/\\\/sportotto.com\\\/fi\\\/uutiset\\\/kun-suomi-ja-ruotsi-sytyttivat-stadionin-anders-garderud-muistelee-maaottelun-intohimoa-ja-kiihkeaa-kilpailuhenkea\\\/#respond\"]}]},{\"@type\":\"WebPage\",\"@id\":\"https:\\\/\\\/sportotto.com\\\/fi\\\/uutiset\\\/kun-suomi-ja-ruotsi-sytyttivat-stadionin-anders-garderud-muistelee-maaottelun-intohimoa-ja-kiihkeaa-kilpailuhenkea\\\/\",\"url\":\"https:\\\/\\\/sportotto.com\\\/fi\\\/uutiset\\\/kun-suomi-ja-ruotsi-sytyttivat-stadionin-anders-garderud-muistelee-maaottelun-intohimoa-ja-kiihkeaa-kilpailuhenkea\\\/\",\"name\":\"Kun Suomi ja Ruotsi sytyttiv\u00e4t stadionin \u2013 Anders G\u00e4rderud muistelee maaottelun intohimoa ja kiihke\u00e4\u00e4 kilpailuhenke\u00e4 - Sportotto.com\",\"isPartOf\":{\"@id\":\"https:\\\/\\\/sportotto.com\\\/fi\\\/#website\"},\"primaryImageOfPage\":{\"@id\":\"https:\\\/\\\/sportotto.com\\\/fi\\\/uutiset\\\/kun-suomi-ja-ruotsi-sytyttivat-stadionin-anders-garderud-muistelee-maaottelun-intohimoa-ja-kiihkeaa-kilpailuhenkea\\\/#primaryimage\"},\"image\":{\"@id\":\"https:\\\/\\\/sportotto.com\\\/fi\\\/uutiset\\\/kun-suomi-ja-ruotsi-sytyttivat-stadionin-anders-garderud-muistelee-maaottelun-intohimoa-ja-kiihkeaa-kilpailuhenkea\\\/#primaryimage\"},\"thumbnailUrl\":\"https:\\\/\\\/sportotto.com\\\/wp-content\\\/uploads\\\/2025\\\/08\\\/Kun20Suomi20ja20Ruotsi20sytyttivC3A4t20stadionin20E2809320Anders20GC3A4rderud20muistelee20maaottelun20intohimoa20ja20kiihkeC3A4C3A420kilpailuhenkeC3A4-2025-08-30T053A013A33.887Z.jpg\",\"datePublished\":\"2025-08-30T05:01:44+00:00\",\"author\":{\"@id\":\"https:\\\/\\\/sportotto.com\\\/fi\\\/#\\\/schema\\\/person\\\/4e717e9d5e7dc8a9563d831e8eff4281\"},\"breadcrumb\":{\"@id\":\"https:\\\/\\\/sportotto.com\\\/fi\\\/uutiset\\\/kun-suomi-ja-ruotsi-sytyttivat-stadionin-anders-garderud-muistelee-maaottelun-intohimoa-ja-kiihkeaa-kilpailuhenkea\\\/#breadcrumb\"},\"inLanguage\":\"fi\",\"potentialAction\":[{\"@type\":\"ReadAction\",\"target\":[\"https:\\\/\\\/sportotto.com\\\/fi\\\/uutiset\\\/kun-suomi-ja-ruotsi-sytyttivat-stadionin-anders-garderud-muistelee-maaottelun-intohimoa-ja-kiihkeaa-kilpailuhenkea\\\/\"]}]},{\"@type\":\"ImageObject\",\"inLanguage\":\"fi\",\"@id\":\"https:\\\/\\\/sportotto.com\\\/fi\\\/uutiset\\\/kun-suomi-ja-ruotsi-sytyttivat-stadionin-anders-garderud-muistelee-maaottelun-intohimoa-ja-kiihkeaa-kilpailuhenkea\\\/#primaryimage\",\"url\":\"https:\\\/\\\/sportotto.com\\\/wp-content\\\/uploads\\\/2025\\\/08\\\/Kun20Suomi20ja20Ruotsi20sytyttivC3A4t20stadionin20E2809320Anders20GC3A4rderud20muistelee20maaottelun20intohimoa20ja20kiihkeC3A4C3A420kilpailuhenkeC3A4-2025-08-30T053A013A33.887Z.jpg\",\"contentUrl\":\"https:\\\/\\\/sportotto.com\\\/wp-content\\\/uploads\\\/2025\\\/08\\\/Kun20Suomi20ja20Ruotsi20sytyttivC3A4t20stadionin20E2809320Anders20GC3A4rderud20muistelee20maaottelun20intohimoa20ja20kiihkeC3A4C3A420kilpailuhenkeC3A4-2025-08-30T053A013A33.887Z.jpg\",\"width\":1024,\"height\":1024},{\"@type\":\"BreadcrumbList\",\"@id\":\"https:\\\/\\\/sportotto.com\\\/fi\\\/uutiset\\\/kun-suomi-ja-ruotsi-sytyttivat-stadionin-anders-garderud-muistelee-maaottelun-intohimoa-ja-kiihkeaa-kilpailuhenkea\\\/#breadcrumb\",\"itemListElement\":[{\"@type\":\"ListItem\",\"position\":1,\"name\":\"Sportotto\",\"item\":\"https:\\\/\\\/sportotto.com\\\/fi\\\/\"},{\"@type\":\"ListItem\",\"position\":2,\"name\":\"Okategoriserad\",\"item\":\"https:\\\/\\\/sportotto.com\\\/cl\\\/okategoriserad\\\/\"},{\"@type\":\"ListItem\",\"position\":3,\"name\":\"Kun Suomi ja Ruotsi sytyttiv\u00e4t stadionin \u2013 Anders G\u00e4rderud muistelee maaottelun intohimoa ja kiihke\u00e4\u00e4 kilpailuhenke\u00e4\"}]},{\"@type\":\"WebSite\",\"@id\":\"https:\\\/\\\/sportotto.com\\\/fi\\\/#website\",\"url\":\"https:\\\/\\\/sportotto.com\\\/fi\\\/\",\"name\":\"Sportotto.com\",\"description\":\"All about sports betting!\",\"potentialAction\":[{\"@type\":\"SearchAction\",\"target\":{\"@type\":\"EntryPoint\",\"urlTemplate\":\"https:\\\/\\\/sportotto.com\\\/fi\\\/?s={search_term_string}\"},\"query-input\":{\"@type\":\"PropertyValueSpecification\",\"valueRequired\":true,\"valueName\":\"search_term_string\"}}],\"inLanguage\":\"fi\"},{\"@type\":\"Person\",\"@id\":\"https:\\\/\\\/sportotto.com\\\/fi\\\/#\\\/schema\\\/person\\\/4e717e9d5e7dc8a9563d831e8eff4281\",\"name\":\"Linus Jung\",\"image\":{\"@type\":\"ImageObject\",\"inLanguage\":\"fi\",\"@id\":\"https:\\\/\\\/secure.gravatar.com\\\/avatar\\\/eca1d2df4eae3f7495ac24b159d8abf4d4d395492b5e7c4c934e1b65646f8db3?s=96&d=mm&r=g\",\"url\":\"https:\\\/\\\/secure.gravatar.com\\\/avatar\\\/eca1d2df4eae3f7495ac24b159d8abf4d4d395492b5e7c4c934e1b65646f8db3?s=96&d=mm&r=g\",\"contentUrl\":\"https:\\\/\\\/secure.gravatar.com\\\/avatar\\\/eca1d2df4eae3f7495ac24b159d8abf4d4d395492b5e7c4c934e1b65646f8db3?s=96&d=mm&r=g\",\"caption\":\"Linus Jung\"}}]}<\/script>\n<!-- \/ Yoast SEO plugin. -->","yoast_head_json":{"title":"Kun Suomi ja Ruotsi sytyttiv\u00e4t stadionin \u2013 Anders G\u00e4rderud muistelee maaottelun intohimoa ja kiihke\u00e4\u00e4 kilpailuhenke\u00e4 - Sportotto.com","robots":{"index":"index","follow":"follow","max-snippet":"max-snippet:-1","max-image-preview":"max-image-preview:large","max-video-preview":"max-video-preview:-1"},"canonical":"https:\/\/sportotto.com\/fi\/uutiset\/kun-suomi-ja-ruotsi-sytyttivat-stadionin-anders-garderud-muistelee-maaottelun-intohimoa-ja-kiihkeaa-kilpailuhenkea\/","og_locale":"fi_FI","og_type":"article","og_title":"Kun Suomi ja Ruotsi sytyttiv\u00e4t stadionin \u2013 Anders G\u00e4rderud muistelee maaottelun intohimoa ja kiihke\u00e4\u00e4 kilpailuhenke\u00e4 - Sportotto.com","og_description":"Kun Suomi ja Ruotsi sytyttiv\u00e4t stadionin \u2013 Anders G\u00e4rderud muistelee maaottelun intohimoa ja kiihke\u00e4\u00e4 kilpailuhenke\u00e4 Suomen ja Ruotsin v\u00e4linen yleisurheilumaaottelu...","og_url":"https:\/\/sportotto.com\/fi\/uutiset\/kun-suomi-ja-ruotsi-sytyttivat-stadionin-anders-garderud-muistelee-maaottelun-intohimoa-ja-kiihkeaa-kilpailuhenkea\/","og_site_name":"Sportotto.com","article_published_time":"2025-08-30T05:01:44+00:00","author":"Linus Jung","twitter_card":"summary_large_image","twitter_misc":{"Kirjoittanut":"Linus Jung","Arvioitu lukuaika":"2 minuuttia"},"schema":{"@context":"https:\/\/schema.org","@graph":[{"@type":"Article","@id":"https:\/\/sportotto.com\/fi\/uutiset\/kun-suomi-ja-ruotsi-sytyttivat-stadionin-anders-garderud-muistelee-maaottelun-intohimoa-ja-kiihkeaa-kilpailuhenkea\/#article","isPartOf":{"@id":"https:\/\/sportotto.com\/fi\/uutiset\/kun-suomi-ja-ruotsi-sytyttivat-stadionin-anders-garderud-muistelee-maaottelun-intohimoa-ja-kiihkeaa-kilpailuhenkea\/"},"author":{"name":"Linus Jung","@id":"https:\/\/sportotto.com\/fi\/#\/schema\/person\/4e717e9d5e7dc8a9563d831e8eff4281"},"headline":"Kun Suomi ja Ruotsi sytyttiv\u00e4t stadionin \u2013 Anders G\u00e4rderud muistelee maaottelun intohimoa ja kiihke\u00e4\u00e4 kilpailuhenke\u00e4","datePublished":"2025-08-30T05:01:44+00:00","mainEntityOfPage":{"@id":"https:\/\/sportotto.com\/fi\/uutiset\/kun-suomi-ja-ruotsi-sytyttivat-stadionin-anders-garderud-muistelee-maaottelun-intohimoa-ja-kiihkeaa-kilpailuhenkea\/"},"wordCount":468,"commentCount":0,"image":{"@id":"https:\/\/sportotto.com\/fi\/uutiset\/kun-suomi-ja-ruotsi-sytyttivat-stadionin-anders-garderud-muistelee-maaottelun-intohimoa-ja-kiihkeaa-kilpailuhenkea\/#primaryimage"},"thumbnailUrl":"https:\/\/sportotto.com\/wp-content\/uploads\/2025\/08\/Kun20Suomi20ja20Ruotsi20sytyttivC3A4t20stadionin20E2809320Anders20GC3A4rderud20muistelee20maaottelun20intohimoa20ja20kiihkeC3A4C3A420kilpailuhenkeC3A4-2025-08-30T053A013A33.887Z.jpg","articleSection":["Uutiset"],"inLanguage":"fi","potentialAction":[{"@type":"CommentAction","name":"Comment","target":["https:\/\/sportotto.com\/fi\/uutiset\/kun-suomi-ja-ruotsi-sytyttivat-stadionin-anders-garderud-muistelee-maaottelun-intohimoa-ja-kiihkeaa-kilpailuhenkea\/#respond"]}]},{"@type":"WebPage","@id":"https:\/\/sportotto.com\/fi\/uutiset\/kun-suomi-ja-ruotsi-sytyttivat-stadionin-anders-garderud-muistelee-maaottelun-intohimoa-ja-kiihkeaa-kilpailuhenkea\/","url":"https:\/\/sportotto.com\/fi\/uutiset\/kun-suomi-ja-ruotsi-sytyttivat-stadionin-anders-garderud-muistelee-maaottelun-intohimoa-ja-kiihkeaa-kilpailuhenkea\/","name":"Kun Suomi ja Ruotsi sytyttiv\u00e4t stadionin \u2013 Anders G\u00e4rderud muistelee maaottelun intohimoa ja kiihke\u00e4\u00e4 kilpailuhenke\u00e4 - Sportotto.com","isPartOf":{"@id":"https:\/\/sportotto.com\/fi\/#website"},"primaryImageOfPage":{"@id":"https:\/\/sportotto.com\/fi\/uutiset\/kun-suomi-ja-ruotsi-sytyttivat-stadionin-anders-garderud-muistelee-maaottelun-intohimoa-ja-kiihkeaa-kilpailuhenkea\/#primaryimage"},"image":{"@id":"https:\/\/sportotto.com\/fi\/uutiset\/kun-suomi-ja-ruotsi-sytyttivat-stadionin-anders-garderud-muistelee-maaottelun-intohimoa-ja-kiihkeaa-kilpailuhenkea\/#primaryimage"},"thumbnailUrl":"https:\/\/sportotto.com\/wp-content\/uploads\/2025\/08\/Kun20Suomi20ja20Ruotsi20sytyttivC3A4t20stadionin20E2809320Anders20GC3A4rderud20muistelee20maaottelun20intohimoa20ja20kiihkeC3A4C3A420kilpailuhenkeC3A4-2025-08-30T053A013A33.887Z.jpg","datePublished":"2025-08-30T05:01:44+00:00","author":{"@id":"https:\/\/sportotto.com\/fi\/#\/schema\/person\/4e717e9d5e7dc8a9563d831e8eff4281"},"breadcrumb":{"@id":"https:\/\/sportotto.com\/fi\/uutiset\/kun-suomi-ja-ruotsi-sytyttivat-stadionin-anders-garderud-muistelee-maaottelun-intohimoa-ja-kiihkeaa-kilpailuhenkea\/#breadcrumb"},"inLanguage":"fi","potentialAction":[{"@type":"ReadAction","target":["https:\/\/sportotto.com\/fi\/uutiset\/kun-suomi-ja-ruotsi-sytyttivat-stadionin-anders-garderud-muistelee-maaottelun-intohimoa-ja-kiihkeaa-kilpailuhenkea\/"]}]},{"@type":"ImageObject","inLanguage":"fi","@id":"https:\/\/sportotto.com\/fi\/uutiset\/kun-suomi-ja-ruotsi-sytyttivat-stadionin-anders-garderud-muistelee-maaottelun-intohimoa-ja-kiihkeaa-kilpailuhenkea\/#primaryimage","url":"https:\/\/sportotto.com\/wp-content\/uploads\/2025\/08\/Kun20Suomi20ja20Ruotsi20sytyttivC3A4t20stadionin20E2809320Anders20GC3A4rderud20muistelee20maaottelun20intohimoa20ja20kiihkeC3A4C3A420kilpailuhenkeC3A4-2025-08-30T053A013A33.887Z.jpg","contentUrl":"https:\/\/sportotto.com\/wp-content\/uploads\/2025\/08\/Kun20Suomi20ja20Ruotsi20sytyttivC3A4t20stadionin20E2809320Anders20GC3A4rderud20muistelee20maaottelun20intohimoa20ja20kiihkeC3A4C3A420kilpailuhenkeC3A4-2025-08-30T053A013A33.887Z.jpg","width":1024,"height":1024},{"@type":"BreadcrumbList","@id":"https:\/\/sportotto.com\/fi\/uutiset\/kun-suomi-ja-ruotsi-sytyttivat-stadionin-anders-garderud-muistelee-maaottelun-intohimoa-ja-kiihkeaa-kilpailuhenkea\/#breadcrumb","itemListElement":[{"@type":"ListItem","position":1,"name":"Sportotto","item":"https:\/\/sportotto.com\/fi\/"},{"@type":"ListItem","position":2,"name":"Okategoriserad","item":"https:\/\/sportotto.com\/cl\/okategoriserad\/"},{"@type":"ListItem","position":3,"name":"Kun Suomi ja Ruotsi sytyttiv\u00e4t stadionin \u2013 Anders G\u00e4rderud muistelee maaottelun intohimoa ja kiihke\u00e4\u00e4 kilpailuhenke\u00e4"}]},{"@type":"WebSite","@id":"https:\/\/sportotto.com\/fi\/#website","url":"https:\/\/sportotto.com\/fi\/","name":"Sportotto.com","description":"All about sports betting!","potentialAction":[{"@type":"SearchAction","target":{"@type":"EntryPoint","urlTemplate":"https:\/\/sportotto.com\/fi\/?s={search_term_string}"},"query-input":{"@type":"PropertyValueSpecification","valueRequired":true,"valueName":"search_term_string"}}],"inLanguage":"fi"},{"@type":"Person","@id":"https:\/\/sportotto.com\/fi\/#\/schema\/person\/4e717e9d5e7dc8a9563d831e8eff4281","name":"Linus Jung","image":{"@type":"ImageObject","inLanguage":"fi","@id":"https:\/\/secure.gravatar.com\/avatar\/eca1d2df4eae3f7495ac24b159d8abf4d4d395492b5e7c4c934e1b65646f8db3?s=96&d=mm&r=g","url":"https:\/\/secure.gravatar.com\/avatar\/eca1d2df4eae3f7495ac24b159d8abf4d4d395492b5e7c4c934e1b65646f8db3?s=96&d=mm&r=g","contentUrl":"https:\/\/secure.gravatar.com\/avatar\/eca1d2df4eae3f7495ac24b159d8abf4d4d395492b5e7c4c934e1b65646f8db3?s=96&d=mm&r=g","caption":"Linus Jung"}}]}},"_links":{"self":[{"href":"https:\/\/sportotto.com\/fi\/wp-json\/wp\/v2\/posts\/1266","targetHints":{"allow":["GET"]}}],"collection":[{"href":"https:\/\/sportotto.com\/fi\/wp-json\/wp\/v2\/posts"}],"about":[{"href":"https:\/\/sportotto.com\/fi\/wp-json\/wp\/v2\/types\/post"}],"author":[{"embeddable":true,"href":"https:\/\/sportotto.com\/fi\/wp-json\/wp\/v2\/users\/7"}],"replies":[{"embeddable":true,"href":"https:\/\/sportotto.com\/fi\/wp-json\/wp\/v2\/comments?post=1266"}],"version-history":[{"count":0,"href":"https:\/\/sportotto.com\/fi\/wp-json\/wp\/v2\/posts\/1266\/revisions"}],"wp:featuredmedia":[{"embeddable":true,"href":"https:\/\/sportotto.com\/fi\/wp-json\/wp\/v2\/media\/1262"}],"wp:attachment":[{"href":"https:\/\/sportotto.com\/fi\/wp-json\/wp\/v2\/media?parent=1266"}],"wp:term":[{"taxonomy":"category","embeddable":true,"href":"https:\/\/sportotto.com\/fi\/wp-json\/wp\/v2\/categories?post=1266"},{"taxonomy":"post_tag","embeddable":true,"href":"https:\/\/sportotto.com\/fi\/wp-json\/wp\/v2\/tags?post=1266"}],"curies":[{"name":"wp","href":"https:\/\/api.w.org\/{rel}","templated":true}]}}