{"id":1298,"date":"2025-09-04T05:01:45","date_gmt":"2025-09-04T05:01:45","guid":{"rendered":"https:\/\/sportotto.com\/okategoriserad\/karsten-warholm-omisti-voittonsa-isoaidilleen-zurichissa-tunteikas-ennatysjuoksu-ja-vahva-viesti-kohti-tokion-mm-kisoja\/"},"modified":"2025-09-04T05:01:45","modified_gmt":"2025-09-04T05:01:45","slug":"karsten-warholm-omisti-voittonsa-isoaidilleen-zurichissa-tunteikas-ennatysjuoksu-ja-vahva-viesti-kohti-tokion-mm-kisoja","status":"publish","type":"post","link":"https:\/\/sportotto.com\/fi\/uutiset\/karsten-warholm-omisti-voittonsa-isoaidilleen-zurichissa-tunteikas-ennatysjuoksu-ja-vahva-viesti-kohti-tokion-mm-kisoja\/","title":{"rendered":"Karsten Warholm omisti voittonsa iso\u00e4idilleen Z\u00fcrichiss\u00e4 \u2013 tunteikas enn\u00e4tysjuoksu ja vahva viesti kohti Tokion MM kisoja"},"content":{"rendered":"<h1>Karsten Warholm omisti voittonsa iso\u00e4idilleen Z\u00fcrichiss\u00e4 \u2013 tunteikas enn\u00e4tysjuoksu ja vahva viesti kohti Tokion MM kisoja<\/h1>\n<p>Norjan oma pikajuoksun ylpeys <strong>Karsten Warholm<\/strong> teki sen taas. Z\u00fcrichin Timanttiliigan 400 metrin aidoissa h\u00e4n ei vain voittanut, vaan teki sen tavalla, joka veti hiljaiseksi koko yleis\u00f6n. Kellot pys\u00e4htyiv\u00e4t uskomattomaan aikaan 46,70 \u2013 kilpailun uuteen enn\u00e4tykseen. Mutta vaikka tulos oli hurja, kyse ei ollut vain sekunneista ja sijoituksesta. T\u00e4ll\u00e4 kertaa voitolla oli syvempi merkitys.<\/p>\n<p>Warholm omisti juoksunsa iso\u00e4idilleen, joka oli menehtynyt vain p\u00e4ivi\u00e4 aiemmin. Heti maaliviivan j\u00e4lkeen h\u00e4n nosti sormensa kohti taivasta \u2013 yksinkertainen mutta voimakas ele, joka kertoi kaiken. Urheilija, jota on usein kuvattu kylm\u00e4ksi koneeksi radalla, paljasti hetken ajan sen, kuinka henkil\u00f6kohtaisia n\u00e4m\u00e4 hetket todella voivat olla.<\/p>\n<h2>N\u00e4yt\u00f6s ennen MM-kisoja<\/h2>\n<p>Z\u00fcrichiin Warholm tuli vahvassa vireess\u00e4, ja l\u00e4ht\u00f6kiihdityksest\u00e4 asti oli selv\u00e4\u00e4, ettei kukaan pysyisi h\u00e4nen vauhdissaan. Qatarin <strong>Abderrahman Samba<\/strong> juoksi toiseksi ajalla 47,45, mutta muut t\u00e4hdet \u2013 amerikkalainen Rai Benjamin ja brasilialainen Alison dos Santos \u2013 eiv\u00e4t olleet t\u00e4ll\u00e4 kertaa paikalla. Silti Warholmin viesti oli kirkas: h\u00e4n on valmis Tokion MM-kisoihin.<\/p>\n<p>\u201cTunnen olevani oikealla tiell\u00e4 kohti Tokiota\u201d, h\u00e4n totesi norjalaiselle medialle \u2013 itsevarmuus kuului jokaisesta sanasta.<\/p>\n<h2>Iso\u00e4iti, joka kellotti ensimm\u00e4iset spurtit<\/h2>\n<p>Hetki oli erityisen koskettava, koska Warholmin iso\u00e4iti oli ollut mukana h\u00e4nen uransa alusta asti. Pienen\u00e4 Karsten juoksi olohuoneessa ensimm\u00e4isi\u00e4 spurttejaan, ja iso\u00e4iti kellotti ne vanhalla sekuntikellolla. Nyt, vuosia my\u00f6hemmin, Warholm seisoi maailman huipulla ja kiitti tavalla, joka kosketti syv\u00e4lt\u00e4.<\/p>\n<p>\u201cSe tuntui oikealta. H\u00e4n oli mukana heti alussa, ja halusin omistaa t\u00e4m\u00e4n voiton h\u00e4nelle\u201d, Warholm kertoi liikuttuneena.<\/p>\n<h2>Hallitseva t\u00e4hti, jonka tarina koskettaa<\/h2>\n<p>Viime vuosina Warholmista on tullut yleisurheilun suurimpia t\u00e4hti\u00e4. H\u00e4n on <strong>olympiavoittaja, kolminkertainen maailmanmestari<\/strong> sek\u00e4 400 metrin aitojen maailmanenn\u00e4tyksen haltija (45,94 vuonna 2021). Z\u00fcrichin juoksu muistutti, ett\u00e4 h\u00e4n on edelleen l\u00e4hes pys\u00e4ytt\u00e4m\u00e4t\u00f6n \u2013 mutta my\u00f6s siit\u00e4, ett\u00e4 h\u00e4nen voittamisensa merkitys ulottuu tulostaulua pidemm\u00e4lle.<\/p>\n<p>Isoimmat hetket urheilussa syntyv\u00e4t usein silloin, kun henkil\u00f6kohtainen ja ammatillinen nivoutuvat yhteen. Warholmin juoksu oli kunnianosoitus rakkaalle ihmiselle \u2013 ja siksi niin voimakas.<\/p>\n<h2>Katse kohti Tokiota<\/h2>\n<p>Warholm matkustaa Tokion MM-kisoihin j\u00e4lleen suurimpana ennakkosuosikkina. Benjamin ja dos Santos tulevat olemaan kovia vastustajia, mutta t\u00e4ll\u00e4 hetkell\u00e4 norjalainen n\u00e4ytt\u00e4\u00e4 olevan askeleen edell\u00e4. Z\u00fcrichiss\u00e4 n\u00e4hty yhdistelm\u00e4 teknist\u00e4 ylivoimaa ja henkist\u00e4 latausta antaa h\u00e4nen juoksuilleen ainutlaatuisen voiman.<\/p>\n<p>Kenties juuri t\u00e4ss\u00e4 on h\u00e4nen suurin vahvuutensa: Warholm ei juokse vain voittoja varten, vaan perheens\u00e4, tarinansa ja unelmiensa t\u00e4hden. Ja silloin sekuntikellokin tuntuu pys\u00e4htyv\u00e4n hieman eri tavalla.<\/p>\n<h2>Lyhyesti<\/h2>\n<ul>\n<li>Warholm voitti Z\u00fcrichin 400 m aidat ajalla 46,70 \u2013 uusi kilpailun enn\u00e4tys.<\/li>\n<li>Voitto omistettiin vastik\u00e4\u00e4n menehtyneelle iso\u00e4idille, jolla oli t\u00e4rke\u00e4 rooli h\u00e4nen uransa alussa.<\/li>\n<li>Warholm l\u00e4htee Tokion MM-kisoihin suurimpana ennakkosuosikkina, vastassaan mm. Rai Benjamin ja Alison dos Santos.<\/li>\n<\/ul>\n","protected":false},"excerpt":{"rendered":"<p>Karsten Warholm omisti voittonsa iso\u00e4idilleen Z\u00fcrichiss\u00e4 \u2013 tunteikas enn\u00e4tysjuoksu ja vahva viesti kohti Tokion MM kisoja Norjan oma pikajuoksun ylpeys&#8230;<\/p>\n","protected":false},"author":7,"featured_media":1294,"comment_status":"open","ping_status":"open","sticky":false,"template":"","format":"standard","meta":{"_acf_changed":false,"footnotes":""},"categories":[37],"tags":[],"class_list":["post-1298","post","type-post","status-publish","format-standard","has-post-thumbnail","hentry","category-uutiset"],"acf":[],"yoast_head":"<!-- This site is optimized with the Yoast SEO plugin v27.4 - https:\/\/yoast.com\/product\/yoast-seo-wordpress\/ -->\n<title>Karsten Warholm omisti voittonsa iso\u00e4idilleen Z\u00fcrichiss\u00e4 \u2013 tunteikas enn\u00e4tysjuoksu ja vahva viesti kohti Tokion MM kisoja - Sportotto.com<\/title>\n<meta name=\"robots\" content=\"index, follow, max-snippet:-1, max-image-preview:large, max-video-preview:-1\" \/>\n<link rel=\"canonical\" href=\"https:\/\/sportotto.com\/fi\/uutiset\/karsten-warholm-omisti-voittonsa-isoaidilleen-zurichissa-tunteikas-ennatysjuoksu-ja-vahva-viesti-kohti-tokion-mm-kisoja\/\" \/>\n<meta property=\"og:locale\" content=\"fi_FI\" \/>\n<meta property=\"og:type\" content=\"article\" \/>\n<meta property=\"og:title\" content=\"Karsten Warholm omisti voittonsa iso\u00e4idilleen Z\u00fcrichiss\u00e4 \u2013 tunteikas enn\u00e4tysjuoksu ja vahva viesti kohti Tokion MM kisoja - Sportotto.com\" \/>\n<meta property=\"og:description\" content=\"Karsten Warholm omisti voittonsa iso\u00e4idilleen Z\u00fcrichiss\u00e4 \u2013 tunteikas enn\u00e4tysjuoksu ja vahva viesti kohti Tokion MM kisoja Norjan oma pikajuoksun ylpeys...\" \/>\n<meta property=\"og:url\" content=\"https:\/\/sportotto.com\/fi\/uutiset\/karsten-warholm-omisti-voittonsa-isoaidilleen-zurichissa-tunteikas-ennatysjuoksu-ja-vahva-viesti-kohti-tokion-mm-kisoja\/\" \/>\n<meta property=\"og:site_name\" content=\"Sportotto.com\" \/>\n<meta property=\"article:published_time\" content=\"2025-09-04T05:01:45+00:00\" \/>\n<meta name=\"author\" content=\"Linus Jung\" \/>\n<meta name=\"twitter:card\" content=\"summary_large_image\" \/>\n<meta name=\"twitter:label1\" content=\"Kirjoittanut\" \/>\n\t<meta name=\"twitter:data1\" content=\"Linus Jung\" \/>\n\t<meta name=\"twitter:label2\" content=\"Arvioitu lukuaika\" \/>\n\t<meta name=\"twitter:data2\" content=\"2 minuuttia\" \/>\n<script type=\"application\/ld+json\" class=\"yoast-schema-graph\">{\"@context\":\"https:\\\/\\\/schema.org\",\"@graph\":[{\"@type\":\"Article\",\"@id\":\"https:\\\/\\\/sportotto.com\\\/fi\\\/uutiset\\\/karsten-warholm-omisti-voittonsa-isoaidilleen-zurichissa-tunteikas-ennatysjuoksu-ja-vahva-viesti-kohti-tokion-mm-kisoja\\\/#article\",\"isPartOf\":{\"@id\":\"https:\\\/\\\/sportotto.com\\\/fi\\\/uutiset\\\/karsten-warholm-omisti-voittonsa-isoaidilleen-zurichissa-tunteikas-ennatysjuoksu-ja-vahva-viesti-kohti-tokion-mm-kisoja\\\/\"},\"author\":{\"name\":\"Linus Jung\",\"@id\":\"https:\\\/\\\/sportotto.com\\\/fi\\\/#\\\/schema\\\/person\\\/4e717e9d5e7dc8a9563d831e8eff4281\"},\"headline\":\"Karsten Warholm omisti voittonsa iso\u00e4idilleen Z\u00fcrichiss\u00e4 \u2013 tunteikas enn\u00e4tysjuoksu ja vahva viesti kohti Tokion MM kisoja\",\"datePublished\":\"2025-09-04T05:01:45+00:00\",\"mainEntityOfPage\":{\"@id\":\"https:\\\/\\\/sportotto.com\\\/fi\\\/uutiset\\\/karsten-warholm-omisti-voittonsa-isoaidilleen-zurichissa-tunteikas-ennatysjuoksu-ja-vahva-viesti-kohti-tokion-mm-kisoja\\\/\"},\"wordCount\":494,\"commentCount\":0,\"image\":{\"@id\":\"https:\\\/\\\/sportotto.com\\\/fi\\\/uutiset\\\/karsten-warholm-omisti-voittonsa-isoaidilleen-zurichissa-tunteikas-ennatysjuoksu-ja-vahva-viesti-kohti-tokion-mm-kisoja\\\/#primaryimage\"},\"thumbnailUrl\":\"https:\\\/\\\/sportotto.com\\\/wp-content\\\/uploads\\\/2025\\\/09\\\/Karsten20Warholm20omisti20voittonsa20isoC3A4idilleen20ZC3BCrichissC3A420E2809320tunteikas20ennC3A4tysjuoksu20ja20vahva20viesti20kohti20Tokion20MM20kisoja-2025-09-04T053A013A37.417Z.jpg\",\"articleSection\":[\"Uutiset\"],\"inLanguage\":\"fi\",\"potentialAction\":[{\"@type\":\"CommentAction\",\"name\":\"Comment\",\"target\":[\"https:\\\/\\\/sportotto.com\\\/fi\\\/uutiset\\\/karsten-warholm-omisti-voittonsa-isoaidilleen-zurichissa-tunteikas-ennatysjuoksu-ja-vahva-viesti-kohti-tokion-mm-kisoja\\\/#respond\"]}]},{\"@type\":\"WebPage\",\"@id\":\"https:\\\/\\\/sportotto.com\\\/fi\\\/uutiset\\\/karsten-warholm-omisti-voittonsa-isoaidilleen-zurichissa-tunteikas-ennatysjuoksu-ja-vahva-viesti-kohti-tokion-mm-kisoja\\\/\",\"url\":\"https:\\\/\\\/sportotto.com\\\/fi\\\/uutiset\\\/karsten-warholm-omisti-voittonsa-isoaidilleen-zurichissa-tunteikas-ennatysjuoksu-ja-vahva-viesti-kohti-tokion-mm-kisoja\\\/\",\"name\":\"Karsten Warholm omisti voittonsa iso\u00e4idilleen Z\u00fcrichiss\u00e4 \u2013 tunteikas enn\u00e4tysjuoksu ja vahva viesti kohti Tokion MM kisoja - Sportotto.com\",\"isPartOf\":{\"@id\":\"https:\\\/\\\/sportotto.com\\\/fi\\\/#website\"},\"primaryImageOfPage\":{\"@id\":\"https:\\\/\\\/sportotto.com\\\/fi\\\/uutiset\\\/karsten-warholm-omisti-voittonsa-isoaidilleen-zurichissa-tunteikas-ennatysjuoksu-ja-vahva-viesti-kohti-tokion-mm-kisoja\\\/#primaryimage\"},\"image\":{\"@id\":\"https:\\\/\\\/sportotto.com\\\/fi\\\/uutiset\\\/karsten-warholm-omisti-voittonsa-isoaidilleen-zurichissa-tunteikas-ennatysjuoksu-ja-vahva-viesti-kohti-tokion-mm-kisoja\\\/#primaryimage\"},\"thumbnailUrl\":\"https:\\\/\\\/sportotto.com\\\/wp-content\\\/uploads\\\/2025\\\/09\\\/Karsten20Warholm20omisti20voittonsa20isoC3A4idilleen20ZC3BCrichissC3A420E2809320tunteikas20ennC3A4tysjuoksu20ja20vahva20viesti20kohti20Tokion20MM20kisoja-2025-09-04T053A013A37.417Z.jpg\",\"datePublished\":\"2025-09-04T05:01:45+00:00\",\"author\":{\"@id\":\"https:\\\/\\\/sportotto.com\\\/fi\\\/#\\\/schema\\\/person\\\/4e717e9d5e7dc8a9563d831e8eff4281\"},\"breadcrumb\":{\"@id\":\"https:\\\/\\\/sportotto.com\\\/fi\\\/uutiset\\\/karsten-warholm-omisti-voittonsa-isoaidilleen-zurichissa-tunteikas-ennatysjuoksu-ja-vahva-viesti-kohti-tokion-mm-kisoja\\\/#breadcrumb\"},\"inLanguage\":\"fi\",\"potentialAction\":[{\"@type\":\"ReadAction\",\"target\":[\"https:\\\/\\\/sportotto.com\\\/fi\\\/uutiset\\\/karsten-warholm-omisti-voittonsa-isoaidilleen-zurichissa-tunteikas-ennatysjuoksu-ja-vahva-viesti-kohti-tokion-mm-kisoja\\\/\"]}]},{\"@type\":\"ImageObject\",\"inLanguage\":\"fi\",\"@id\":\"https:\\\/\\\/sportotto.com\\\/fi\\\/uutiset\\\/karsten-warholm-omisti-voittonsa-isoaidilleen-zurichissa-tunteikas-ennatysjuoksu-ja-vahva-viesti-kohti-tokion-mm-kisoja\\\/#primaryimage\",\"url\":\"https:\\\/\\\/sportotto.com\\\/wp-content\\\/uploads\\\/2025\\\/09\\\/Karsten20Warholm20omisti20voittonsa20isoC3A4idilleen20ZC3BCrichissC3A420E2809320tunteikas20ennC3A4tysjuoksu20ja20vahva20viesti20kohti20Tokion20MM20kisoja-2025-09-04T053A013A37.417Z.jpg\",\"contentUrl\":\"https:\\\/\\\/sportotto.com\\\/wp-content\\\/uploads\\\/2025\\\/09\\\/Karsten20Warholm20omisti20voittonsa20isoC3A4idilleen20ZC3BCrichissC3A420E2809320tunteikas20ennC3A4tysjuoksu20ja20vahva20viesti20kohti20Tokion20MM20kisoja-2025-09-04T053A013A37.417Z.jpg\",\"width\":1024,\"height\":1024},{\"@type\":\"BreadcrumbList\",\"@id\":\"https:\\\/\\\/sportotto.com\\\/fi\\\/uutiset\\\/karsten-warholm-omisti-voittonsa-isoaidilleen-zurichissa-tunteikas-ennatysjuoksu-ja-vahva-viesti-kohti-tokion-mm-kisoja\\\/#breadcrumb\",\"itemListElement\":[{\"@type\":\"ListItem\",\"position\":1,\"name\":\"Sportotto\",\"item\":\"https:\\\/\\\/sportotto.com\\\/fi\\\/\"},{\"@type\":\"ListItem\",\"position\":2,\"name\":\"Okategoriserad\",\"item\":\"https:\\\/\\\/sportotto.com\\\/cl\\\/okategoriserad\\\/\"},{\"@type\":\"ListItem\",\"position\":3,\"name\":\"Karsten Warholm omisti voittonsa iso\u00e4idilleen Z\u00fcrichiss\u00e4 \u2013 tunteikas enn\u00e4tysjuoksu ja vahva viesti kohti Tokion MM kisoja\"}]},{\"@type\":\"WebSite\",\"@id\":\"https:\\\/\\\/sportotto.com\\\/fi\\\/#website\",\"url\":\"https:\\\/\\\/sportotto.com\\\/fi\\\/\",\"name\":\"Sportotto.com\",\"description\":\"All about sports betting!\",\"potentialAction\":[{\"@type\":\"SearchAction\",\"target\":{\"@type\":\"EntryPoint\",\"urlTemplate\":\"https:\\\/\\\/sportotto.com\\\/fi\\\/?s={search_term_string}\"},\"query-input\":{\"@type\":\"PropertyValueSpecification\",\"valueRequired\":true,\"valueName\":\"search_term_string\"}}],\"inLanguage\":\"fi\"},{\"@type\":\"Person\",\"@id\":\"https:\\\/\\\/sportotto.com\\\/fi\\\/#\\\/schema\\\/person\\\/4e717e9d5e7dc8a9563d831e8eff4281\",\"name\":\"Linus Jung\",\"image\":{\"@type\":\"ImageObject\",\"inLanguage\":\"fi\",\"@id\":\"https:\\\/\\\/secure.gravatar.com\\\/avatar\\\/eca1d2df4eae3f7495ac24b159d8abf4d4d395492b5e7c4c934e1b65646f8db3?s=96&d=mm&r=g\",\"url\":\"https:\\\/\\\/secure.gravatar.com\\\/avatar\\\/eca1d2df4eae3f7495ac24b159d8abf4d4d395492b5e7c4c934e1b65646f8db3?s=96&d=mm&r=g\",\"contentUrl\":\"https:\\\/\\\/secure.gravatar.com\\\/avatar\\\/eca1d2df4eae3f7495ac24b159d8abf4d4d395492b5e7c4c934e1b65646f8db3?s=96&d=mm&r=g\",\"caption\":\"Linus Jung\"}}]}<\/script>\n<!-- \/ Yoast SEO plugin. -->","yoast_head_json":{"title":"Karsten Warholm omisti voittonsa iso\u00e4idilleen Z\u00fcrichiss\u00e4 \u2013 tunteikas enn\u00e4tysjuoksu ja vahva viesti kohti Tokion MM kisoja - Sportotto.com","robots":{"index":"index","follow":"follow","max-snippet":"max-snippet:-1","max-image-preview":"max-image-preview:large","max-video-preview":"max-video-preview:-1"},"canonical":"https:\/\/sportotto.com\/fi\/uutiset\/karsten-warholm-omisti-voittonsa-isoaidilleen-zurichissa-tunteikas-ennatysjuoksu-ja-vahva-viesti-kohti-tokion-mm-kisoja\/","og_locale":"fi_FI","og_type":"article","og_title":"Karsten Warholm omisti voittonsa iso\u00e4idilleen Z\u00fcrichiss\u00e4 \u2013 tunteikas enn\u00e4tysjuoksu ja vahva viesti kohti Tokion MM kisoja - Sportotto.com","og_description":"Karsten Warholm omisti voittonsa iso\u00e4idilleen Z\u00fcrichiss\u00e4 \u2013 tunteikas enn\u00e4tysjuoksu ja vahva viesti kohti Tokion MM kisoja Norjan oma pikajuoksun ylpeys...","og_url":"https:\/\/sportotto.com\/fi\/uutiset\/karsten-warholm-omisti-voittonsa-isoaidilleen-zurichissa-tunteikas-ennatysjuoksu-ja-vahva-viesti-kohti-tokion-mm-kisoja\/","og_site_name":"Sportotto.com","article_published_time":"2025-09-04T05:01:45+00:00","author":"Linus Jung","twitter_card":"summary_large_image","twitter_misc":{"Kirjoittanut":"Linus Jung","Arvioitu lukuaika":"2 minuuttia"},"schema":{"@context":"https:\/\/schema.org","@graph":[{"@type":"Article","@id":"https:\/\/sportotto.com\/fi\/uutiset\/karsten-warholm-omisti-voittonsa-isoaidilleen-zurichissa-tunteikas-ennatysjuoksu-ja-vahva-viesti-kohti-tokion-mm-kisoja\/#article","isPartOf":{"@id":"https:\/\/sportotto.com\/fi\/uutiset\/karsten-warholm-omisti-voittonsa-isoaidilleen-zurichissa-tunteikas-ennatysjuoksu-ja-vahva-viesti-kohti-tokion-mm-kisoja\/"},"author":{"name":"Linus Jung","@id":"https:\/\/sportotto.com\/fi\/#\/schema\/person\/4e717e9d5e7dc8a9563d831e8eff4281"},"headline":"Karsten Warholm omisti voittonsa iso\u00e4idilleen Z\u00fcrichiss\u00e4 \u2013 tunteikas enn\u00e4tysjuoksu ja vahva viesti kohti Tokion MM kisoja","datePublished":"2025-09-04T05:01:45+00:00","mainEntityOfPage":{"@id":"https:\/\/sportotto.com\/fi\/uutiset\/karsten-warholm-omisti-voittonsa-isoaidilleen-zurichissa-tunteikas-ennatysjuoksu-ja-vahva-viesti-kohti-tokion-mm-kisoja\/"},"wordCount":494,"commentCount":0,"image":{"@id":"https:\/\/sportotto.com\/fi\/uutiset\/karsten-warholm-omisti-voittonsa-isoaidilleen-zurichissa-tunteikas-ennatysjuoksu-ja-vahva-viesti-kohti-tokion-mm-kisoja\/#primaryimage"},"thumbnailUrl":"https:\/\/sportotto.com\/wp-content\/uploads\/2025\/09\/Karsten20Warholm20omisti20voittonsa20isoC3A4idilleen20ZC3BCrichissC3A420E2809320tunteikas20ennC3A4tysjuoksu20ja20vahva20viesti20kohti20Tokion20MM20kisoja-2025-09-04T053A013A37.417Z.jpg","articleSection":["Uutiset"],"inLanguage":"fi","potentialAction":[{"@type":"CommentAction","name":"Comment","target":["https:\/\/sportotto.com\/fi\/uutiset\/karsten-warholm-omisti-voittonsa-isoaidilleen-zurichissa-tunteikas-ennatysjuoksu-ja-vahva-viesti-kohti-tokion-mm-kisoja\/#respond"]}]},{"@type":"WebPage","@id":"https:\/\/sportotto.com\/fi\/uutiset\/karsten-warholm-omisti-voittonsa-isoaidilleen-zurichissa-tunteikas-ennatysjuoksu-ja-vahva-viesti-kohti-tokion-mm-kisoja\/","url":"https:\/\/sportotto.com\/fi\/uutiset\/karsten-warholm-omisti-voittonsa-isoaidilleen-zurichissa-tunteikas-ennatysjuoksu-ja-vahva-viesti-kohti-tokion-mm-kisoja\/","name":"Karsten Warholm omisti voittonsa iso\u00e4idilleen Z\u00fcrichiss\u00e4 \u2013 tunteikas enn\u00e4tysjuoksu ja vahva viesti kohti Tokion MM kisoja - Sportotto.com","isPartOf":{"@id":"https:\/\/sportotto.com\/fi\/#website"},"primaryImageOfPage":{"@id":"https:\/\/sportotto.com\/fi\/uutiset\/karsten-warholm-omisti-voittonsa-isoaidilleen-zurichissa-tunteikas-ennatysjuoksu-ja-vahva-viesti-kohti-tokion-mm-kisoja\/#primaryimage"},"image":{"@id":"https:\/\/sportotto.com\/fi\/uutiset\/karsten-warholm-omisti-voittonsa-isoaidilleen-zurichissa-tunteikas-ennatysjuoksu-ja-vahva-viesti-kohti-tokion-mm-kisoja\/#primaryimage"},"thumbnailUrl":"https:\/\/sportotto.com\/wp-content\/uploads\/2025\/09\/Karsten20Warholm20omisti20voittonsa20isoC3A4idilleen20ZC3BCrichissC3A420E2809320tunteikas20ennC3A4tysjuoksu20ja20vahva20viesti20kohti20Tokion20MM20kisoja-2025-09-04T053A013A37.417Z.jpg","datePublished":"2025-09-04T05:01:45+00:00","author":{"@id":"https:\/\/sportotto.com\/fi\/#\/schema\/person\/4e717e9d5e7dc8a9563d831e8eff4281"},"breadcrumb":{"@id":"https:\/\/sportotto.com\/fi\/uutiset\/karsten-warholm-omisti-voittonsa-isoaidilleen-zurichissa-tunteikas-ennatysjuoksu-ja-vahva-viesti-kohti-tokion-mm-kisoja\/#breadcrumb"},"inLanguage":"fi","potentialAction":[{"@type":"ReadAction","target":["https:\/\/sportotto.com\/fi\/uutiset\/karsten-warholm-omisti-voittonsa-isoaidilleen-zurichissa-tunteikas-ennatysjuoksu-ja-vahva-viesti-kohti-tokion-mm-kisoja\/"]}]},{"@type":"ImageObject","inLanguage":"fi","@id":"https:\/\/sportotto.com\/fi\/uutiset\/karsten-warholm-omisti-voittonsa-isoaidilleen-zurichissa-tunteikas-ennatysjuoksu-ja-vahva-viesti-kohti-tokion-mm-kisoja\/#primaryimage","url":"https:\/\/sportotto.com\/wp-content\/uploads\/2025\/09\/Karsten20Warholm20omisti20voittonsa20isoC3A4idilleen20ZC3BCrichissC3A420E2809320tunteikas20ennC3A4tysjuoksu20ja20vahva20viesti20kohti20Tokion20MM20kisoja-2025-09-04T053A013A37.417Z.jpg","contentUrl":"https:\/\/sportotto.com\/wp-content\/uploads\/2025\/09\/Karsten20Warholm20omisti20voittonsa20isoC3A4idilleen20ZC3BCrichissC3A420E2809320tunteikas20ennC3A4tysjuoksu20ja20vahva20viesti20kohti20Tokion20MM20kisoja-2025-09-04T053A013A37.417Z.jpg","width":1024,"height":1024},{"@type":"BreadcrumbList","@id":"https:\/\/sportotto.com\/fi\/uutiset\/karsten-warholm-omisti-voittonsa-isoaidilleen-zurichissa-tunteikas-ennatysjuoksu-ja-vahva-viesti-kohti-tokion-mm-kisoja\/#breadcrumb","itemListElement":[{"@type":"ListItem","position":1,"name":"Sportotto","item":"https:\/\/sportotto.com\/fi\/"},{"@type":"ListItem","position":2,"name":"Okategoriserad","item":"https:\/\/sportotto.com\/cl\/okategoriserad\/"},{"@type":"ListItem","position":3,"name":"Karsten Warholm omisti voittonsa iso\u00e4idilleen Z\u00fcrichiss\u00e4 \u2013 tunteikas enn\u00e4tysjuoksu ja vahva viesti kohti Tokion MM kisoja"}]},{"@type":"WebSite","@id":"https:\/\/sportotto.com\/fi\/#website","url":"https:\/\/sportotto.com\/fi\/","name":"Sportotto.com","description":"All about sports betting!","potentialAction":[{"@type":"SearchAction","target":{"@type":"EntryPoint","urlTemplate":"https:\/\/sportotto.com\/fi\/?s={search_term_string}"},"query-input":{"@type":"PropertyValueSpecification","valueRequired":true,"valueName":"search_term_string"}}],"inLanguage":"fi"},{"@type":"Person","@id":"https:\/\/sportotto.com\/fi\/#\/schema\/person\/4e717e9d5e7dc8a9563d831e8eff4281","name":"Linus Jung","image":{"@type":"ImageObject","inLanguage":"fi","@id":"https:\/\/secure.gravatar.com\/avatar\/eca1d2df4eae3f7495ac24b159d8abf4d4d395492b5e7c4c934e1b65646f8db3?s=96&d=mm&r=g","url":"https:\/\/secure.gravatar.com\/avatar\/eca1d2df4eae3f7495ac24b159d8abf4d4d395492b5e7c4c934e1b65646f8db3?s=96&d=mm&r=g","contentUrl":"https:\/\/secure.gravatar.com\/avatar\/eca1d2df4eae3f7495ac24b159d8abf4d4d395492b5e7c4c934e1b65646f8db3?s=96&d=mm&r=g","caption":"Linus Jung"}}]}},"_links":{"self":[{"href":"https:\/\/sportotto.com\/fi\/wp-json\/wp\/v2\/posts\/1298","targetHints":{"allow":["GET"]}}],"collection":[{"href":"https:\/\/sportotto.com\/fi\/wp-json\/wp\/v2\/posts"}],"about":[{"href":"https:\/\/sportotto.com\/fi\/wp-json\/wp\/v2\/types\/post"}],"author":[{"embeddable":true,"href":"https:\/\/sportotto.com\/fi\/wp-json\/wp\/v2\/users\/7"}],"replies":[{"embeddable":true,"href":"https:\/\/sportotto.com\/fi\/wp-json\/wp\/v2\/comments?post=1298"}],"version-history":[{"count":0,"href":"https:\/\/sportotto.com\/fi\/wp-json\/wp\/v2\/posts\/1298\/revisions"}],"wp:featuredmedia":[{"embeddable":true,"href":"https:\/\/sportotto.com\/fi\/wp-json\/wp\/v2\/media\/1294"}],"wp:attachment":[{"href":"https:\/\/sportotto.com\/fi\/wp-json\/wp\/v2\/media?parent=1298"}],"wp:term":[{"taxonomy":"category","embeddable":true,"href":"https:\/\/sportotto.com\/fi\/wp-json\/wp\/v2\/categories?post=1298"},{"taxonomy":"post_tag","embeddable":true,"href":"https:\/\/sportotto.com\/fi\/wp-json\/wp\/v2\/tags?post=1298"}],"curies":[{"name":"wp","href":"https:\/\/api.w.org\/{rel}","templated":true}]}}