{"id":1493,"date":"2025-10-06T05:01:46","date_gmt":"2025-10-06T05:01:46","guid":{"rendered":"https:\/\/sportotto.com\/okategoriserad\/parahiihtaja-inkki-inola-tuomitsee-ipcn-paatoksen-venajan-ja-valkovenajan-paluu-paraurheiluun-on-moraalisesti-kestamatonta\/"},"modified":"2025-10-06T05:01:46","modified_gmt":"2025-10-06T05:01:46","slug":"parahiihtaja-inkki-inola-tuomitsee-ipcn-paatoksen-venajan-ja-valkovenajan-paluu-paraurheiluun-on-moraalisesti-kestamatonta","status":"publish","type":"post","link":"https:\/\/sportotto.com\/fi\/uutiset\/parahiihtaja-inkki-inola-tuomitsee-ipcn-paatoksen-venajan-ja-valkovenajan-paluu-paraurheiluun-on-moraalisesti-kestamatonta\/","title":{"rendered":"Parahiiht\u00e4j\u00e4 Inkki Inola tuomitsee IPCn p\u00e4\u00e4t\u00f6ksen: Ven\u00e4j\u00e4n ja ValkoVen\u00e4j\u00e4n paluu paraurheiluun on moraalisesti kest\u00e4m\u00e4t\u00f6nt\u00e4"},"content":{"rendered":"<h1>Parahiiht\u00e4j\u00e4 Inkki Inola tuomitsee IPCn p\u00e4\u00e4t\u00f6ksen: Ven\u00e4j\u00e4n ja ValkoVen\u00e4j\u00e4n paluu paraurheiluun on moraalisesti kest\u00e4m\u00e4t\u00f6nt\u00e4<\/h1>\n<p>Kansainv\u00e4lisen paralympiakomitean p\u00e4\u00e4t\u00f6s sallia <strong>Ven\u00e4j\u00e4n<\/strong> ja <strong>Valko-Ven\u00e4j\u00e4n<\/strong> urheilijoiden paluu kansainv\u00e4lisiin paraurheilukilpailuihin on her\u00e4tt\u00e4nyt paljon keskustelua ja j\u00e4rkytyst\u00e4. Suomesta kuuluva vastalause on ollut erityisen voimakas, ja sen eturintamassa on toiminut parahiihdon k\u00e4rkinimi <strong>Inkki Inola<\/strong>.<\/p>\n<h2>Pettymys ja moraalinen ristiriita<\/h2>\n<p>Inola kertoo, ettei tilanne h\u00e4nen mielest\u00e4\u00e4n ole muuttunut siit\u00e4 hetkest\u00e4, kun maat suljettiin kilpailutoiminnasta. H\u00e4nen mukaansa p\u00e4\u00e4t\u00f6s ohittaa t\u00e4ysin urheilun perusarvot ja moraalin. Vaikka h\u00e4n itse valmistautuu jo <strong>Milano-Cortinan paralympialaisiin<\/strong>, p\u00e4\u00e4t\u00f6s pys\u00e4ytti h\u00e4net pohtimaan, mit\u00e4 urheilun arvot todella tarkoittavat kriisiaikana.<\/p>\n<h2>Irvokas asetelma sodan keskell\u00e4<\/h2>\n<p>Erityisen vaikeana Inola pit\u00e4\u00e4 ajatusta siit\u00e4, ett\u00e4 Ukrainassa sodassa vammautuneet paraurheilijat joutuisivat kilpailemaan hy\u00f6kk\u00e4\u00e4j\u00e4maiden edustajia vastaan. T\u00e4m\u00e4 luo tilanteen, jota h\u00e4n kuvailee <strong>irvokkaaksi ja ep\u00e4oikeudenmukaiseksi<\/strong>.<\/p>\n<p>Inola kertoo, ett\u00e4 useimpien suomalaisten paraurheilijoiden kanta on selv\u00e4: niin kauan kuin sota jatkuu, Ven\u00e4j\u00e4ll\u00e4 ja Valko-Ven\u00e4j\u00e4ll\u00e4 ei ole paikkaa kansainv\u00e4lisill\u00e4 urheilukentill\u00e4.<\/p>\n<h2>Euroopan \u00e4\u00e4net j\u00e4iv\u00e4t v\u00e4hemmist\u00f6\u00f6n<\/h2>\n<p>Suomen paralympiakomitean puheenjohtaja <strong>Sari Rautio<\/strong> vahvistaa, ett\u00e4 Suomi \u00e4\u00e4nesti p\u00e4\u00e4t\u00f6st\u00e4 vastaan yhdess\u00e4 useiden eurooppalaisten maiden kanssa. Silti tulos oli selv\u00e4 enemmist\u00f6p\u00e4\u00e4t\u00f6s, jonka \u00e4\u00e4net tulivat l\u00e4hinn\u00e4 muualta maailmasta. Inolan mukaan kyse oli pitk\u00e4lti geopoliittisesta jakolinjasta.<\/p>\n<p>H\u00e4nen mukaansa t\u00e4m\u00e4 her\u00e4tt\u00e4\u00e4 huolen siit\u00e4, kuinka helposti poliittiset ja taloudelliset intressit voivat ohittaa reilun pelin ja urheilun arvot.<\/p>\n<h2>Mahdollisuus viel\u00e4 muutokseen<\/h2>\n<p>Vaikka IPC on avannut paluun mahdollisuuden, lopullinen sanavalta j\u00e4\u00e4 lajiliitoille, kuten <strong>FIS:lle<\/strong>. Inolan mukaan pelkk\u00e4 signaali paluusta on kuitenkin jo riitt\u00e4v\u00e4n huono viesti urheilun uskottavuuden kannalta. H\u00e4n pelk\u00e4\u00e4, ett\u00e4 p\u00e4\u00e4t\u00f6s heikent\u00e4\u00e4 luottamusta turvalliseen ja oikeudenmukaiseen kilpailuymp\u00e4rist\u00f6\u00f6n.<\/p>\n<h2>Urheilun moraalinen kompassi<\/h2>\n<p>Sek\u00e4 Inola ett\u00e4 Rautio muistuttavat, ett\u00e4 urheilulla on oltava vahva moraalinen kompassi. Maailman tapahtumat eiv\u00e4t j\u00e4\u00e4 urheilun ulkopuolelle, ja siksi urheiluyhteis\u00f6n on teht\u00e4v\u00e4 eettisesti johdonmukaisia p\u00e4\u00e4t\u00f6ksi\u00e4 \u2013 my\u00f6s silloin, kun se on vaikeaa.<\/p>\n<p>Suomalaisten viesti on yksiselitteinen: <strong>rauhan ja oikeudenmukaisuuden puolesta t\u00e4ytyy seist\u00e4 yhten\u00e4isesti<\/strong>, vaikka se merkitsisi kulkemista vastavirtaan.<\/p>\n<h2>Lyhyesti<\/h2>\n<ul>\n<li>IPC palautti Ven\u00e4j\u00e4n ja Valko-Ven\u00e4j\u00e4n urheilijoiden kilpailuoikeudet.<\/li>\n<li><strong>Inkki Inola<\/strong> pit\u00e4\u00e4 p\u00e4\u00e4t\u00f6st\u00e4 moraalisesti v\u00e4\u00e4r\u00e4n\u00e4 ja eettisesti kest\u00e4m\u00e4tt\u00f6m\u00e4n\u00e4.<\/li>\n<li><strong>Suomi<\/strong> ja useimmat Euroopan maat vastustivat p\u00e4\u00e4t\u00f6st\u00e4, mutta j\u00e4iv\u00e4t v\u00e4hemmist\u00f6\u00f6n.<\/li>\n<li>Lopulliset ratkaisut j\u00e4\u00e4v\u00e4t lajiliittojen, kuten <strong>FIS:n<\/strong>, teht\u00e4v\u00e4ksi.<\/li>\n<li>P\u00e4\u00e4t\u00f6s her\u00e4tt\u00e4\u00e4 kysymyksen: miss\u00e4 kulkee urheilun vastuun ja omantunnon raja?<\/li>\n<\/ul>\n<p>Mit\u00e4 sin\u00e4 ajattelet? Onko moraalisesti viel\u00e4 liian aikaista palauttaa Ven\u00e4j\u00e4n ja Valko-Ven\u00e4j\u00e4n urheilijat paralympialaisiin?<\/p>\n","protected":false},"excerpt":{"rendered":"<p>Parahiiht\u00e4j\u00e4 Inkki Inola tuomitsee IPCn p\u00e4\u00e4t\u00f6ksen: Ven\u00e4j\u00e4n ja ValkoVen\u00e4j\u00e4n paluu paraurheiluun on moraalisesti kest\u00e4m\u00e4t\u00f6nt\u00e4 Kansainv\u00e4lisen paralympiakomitean p\u00e4\u00e4t\u00f6s sallia Ven\u00e4j\u00e4n ja&#8230;<\/p>\n","protected":false},"author":7,"featured_media":1489,"comment_status":"open","ping_status":"open","sticky":false,"template":"","format":"standard","meta":{"_acf_changed":false,"footnotes":""},"categories":[37],"tags":[],"class_list":["post-1493","post","type-post","status-publish","format-standard","has-post-thumbnail","hentry","category-uutiset"],"acf":[],"yoast_head":"<!-- This site is optimized with the Yoast SEO plugin v27.4 - https:\/\/yoast.com\/product\/yoast-seo-wordpress\/ -->\n<title>Parahiiht\u00e4j\u00e4 Inkki Inola tuomitsee IPCn p\u00e4\u00e4t\u00f6ksen: Ven\u00e4j\u00e4n ja ValkoVen\u00e4j\u00e4n paluu paraurheiluun on moraalisesti kest\u00e4m\u00e4t\u00f6nt\u00e4 - Sportotto.com<\/title>\n<meta name=\"robots\" content=\"index, follow, max-snippet:-1, max-image-preview:large, max-video-preview:-1\" \/>\n<link rel=\"canonical\" href=\"https:\/\/sportotto.com\/fi\/uutiset\/parahiihtaja-inkki-inola-tuomitsee-ipcn-paatoksen-venajan-ja-valkovenajan-paluu-paraurheiluun-on-moraalisesti-kestamatonta\/\" \/>\n<meta property=\"og:locale\" content=\"fi_FI\" \/>\n<meta property=\"og:type\" content=\"article\" \/>\n<meta property=\"og:title\" content=\"Parahiiht\u00e4j\u00e4 Inkki Inola tuomitsee IPCn p\u00e4\u00e4t\u00f6ksen: Ven\u00e4j\u00e4n ja ValkoVen\u00e4j\u00e4n paluu paraurheiluun on moraalisesti kest\u00e4m\u00e4t\u00f6nt\u00e4 - Sportotto.com\" \/>\n<meta property=\"og:description\" content=\"Parahiiht\u00e4j\u00e4 Inkki Inola tuomitsee IPCn p\u00e4\u00e4t\u00f6ksen: Ven\u00e4j\u00e4n ja ValkoVen\u00e4j\u00e4n paluu paraurheiluun on moraalisesti kest\u00e4m\u00e4t\u00f6nt\u00e4 Kansainv\u00e4lisen paralympiakomitean p\u00e4\u00e4t\u00f6s sallia Ven\u00e4j\u00e4n ja...\" \/>\n<meta property=\"og:url\" content=\"https:\/\/sportotto.com\/fi\/uutiset\/parahiihtaja-inkki-inola-tuomitsee-ipcn-paatoksen-venajan-ja-valkovenajan-paluu-paraurheiluun-on-moraalisesti-kestamatonta\/\" \/>\n<meta property=\"og:site_name\" content=\"Sportotto.com\" \/>\n<meta property=\"article:published_time\" content=\"2025-10-06T05:01:46+00:00\" \/>\n<meta name=\"author\" content=\"Linus Jung\" \/>\n<meta name=\"twitter:card\" content=\"summary_large_image\" \/>\n<meta name=\"twitter:label1\" content=\"Kirjoittanut\" \/>\n\t<meta name=\"twitter:data1\" content=\"Linus Jung\" \/>\n\t<meta name=\"twitter:label2\" content=\"Arvioitu lukuaika\" \/>\n\t<meta name=\"twitter:data2\" content=\"2 minuuttia\" \/>\n<script type=\"application\/ld+json\" class=\"yoast-schema-graph\">{\"@context\":\"https:\\\/\\\/schema.org\",\"@graph\":[{\"@type\":\"Article\",\"@id\":\"https:\\\/\\\/sportotto.com\\\/fi\\\/uutiset\\\/parahiihtaja-inkki-inola-tuomitsee-ipcn-paatoksen-venajan-ja-valkovenajan-paluu-paraurheiluun-on-moraalisesti-kestamatonta\\\/#article\",\"isPartOf\":{\"@id\":\"https:\\\/\\\/sportotto.com\\\/fi\\\/uutiset\\\/parahiihtaja-inkki-inola-tuomitsee-ipcn-paatoksen-venajan-ja-valkovenajan-paluu-paraurheiluun-on-moraalisesti-kestamatonta\\\/\"},\"author\":{\"name\":\"Linus Jung\",\"@id\":\"https:\\\/\\\/sportotto.com\\\/fi\\\/#\\\/schema\\\/person\\\/4e717e9d5e7dc8a9563d831e8eff4281\"},\"headline\":\"Parahiiht\u00e4j\u00e4 Inkki Inola tuomitsee IPCn p\u00e4\u00e4t\u00f6ksen: Ven\u00e4j\u00e4n ja ValkoVen\u00e4j\u00e4n paluu paraurheiluun on moraalisesti kest\u00e4m\u00e4t\u00f6nt\u00e4\",\"datePublished\":\"2025-10-06T05:01:46+00:00\",\"mainEntityOfPage\":{\"@id\":\"https:\\\/\\\/sportotto.com\\\/fi\\\/uutiset\\\/parahiihtaja-inkki-inola-tuomitsee-ipcn-paatoksen-venajan-ja-valkovenajan-paluu-paraurheiluun-on-moraalisesti-kestamatonta\\\/\"},\"wordCount\":475,\"commentCount\":0,\"image\":{\"@id\":\"https:\\\/\\\/sportotto.com\\\/fi\\\/uutiset\\\/parahiihtaja-inkki-inola-tuomitsee-ipcn-paatoksen-venajan-ja-valkovenajan-paluu-paraurheiluun-on-moraalisesti-kestamatonta\\\/#primaryimage\"},\"thumbnailUrl\":\"https:\\\/\\\/sportotto.com\\\/wp-content\\\/uploads\\\/2025\\\/10\\\/ParahiihtC3A4jC3A420Inkki20Inola20tuomitsee20IPCn20pC3A4C3A4tC3B6ksen3A20VenC3A4jC3A4n20ja20ValkoVenC3A4jC3A4n20paluu20paraurheiluun20on20moraalisesti20kestC3A4mC3A4tC3B6ntC3A4-2025-10-06T053A013A34.137Z.jpg\",\"articleSection\":[\"Uutiset\"],\"inLanguage\":\"fi\",\"potentialAction\":[{\"@type\":\"CommentAction\",\"name\":\"Comment\",\"target\":[\"https:\\\/\\\/sportotto.com\\\/fi\\\/uutiset\\\/parahiihtaja-inkki-inola-tuomitsee-ipcn-paatoksen-venajan-ja-valkovenajan-paluu-paraurheiluun-on-moraalisesti-kestamatonta\\\/#respond\"]}]},{\"@type\":\"WebPage\",\"@id\":\"https:\\\/\\\/sportotto.com\\\/fi\\\/uutiset\\\/parahiihtaja-inkki-inola-tuomitsee-ipcn-paatoksen-venajan-ja-valkovenajan-paluu-paraurheiluun-on-moraalisesti-kestamatonta\\\/\",\"url\":\"https:\\\/\\\/sportotto.com\\\/fi\\\/uutiset\\\/parahiihtaja-inkki-inola-tuomitsee-ipcn-paatoksen-venajan-ja-valkovenajan-paluu-paraurheiluun-on-moraalisesti-kestamatonta\\\/\",\"name\":\"Parahiiht\u00e4j\u00e4 Inkki Inola tuomitsee IPCn p\u00e4\u00e4t\u00f6ksen: Ven\u00e4j\u00e4n ja ValkoVen\u00e4j\u00e4n paluu paraurheiluun on moraalisesti kest\u00e4m\u00e4t\u00f6nt\u00e4 - Sportotto.com\",\"isPartOf\":{\"@id\":\"https:\\\/\\\/sportotto.com\\\/fi\\\/#website\"},\"primaryImageOfPage\":{\"@id\":\"https:\\\/\\\/sportotto.com\\\/fi\\\/uutiset\\\/parahiihtaja-inkki-inola-tuomitsee-ipcn-paatoksen-venajan-ja-valkovenajan-paluu-paraurheiluun-on-moraalisesti-kestamatonta\\\/#primaryimage\"},\"image\":{\"@id\":\"https:\\\/\\\/sportotto.com\\\/fi\\\/uutiset\\\/parahiihtaja-inkki-inola-tuomitsee-ipcn-paatoksen-venajan-ja-valkovenajan-paluu-paraurheiluun-on-moraalisesti-kestamatonta\\\/#primaryimage\"},\"thumbnailUrl\":\"https:\\\/\\\/sportotto.com\\\/wp-content\\\/uploads\\\/2025\\\/10\\\/ParahiihtC3A4jC3A420Inkki20Inola20tuomitsee20IPCn20pC3A4C3A4tC3B6ksen3A20VenC3A4jC3A4n20ja20ValkoVenC3A4jC3A4n20paluu20paraurheiluun20on20moraalisesti20kestC3A4mC3A4tC3B6ntC3A4-2025-10-06T053A013A34.137Z.jpg\",\"datePublished\":\"2025-10-06T05:01:46+00:00\",\"author\":{\"@id\":\"https:\\\/\\\/sportotto.com\\\/fi\\\/#\\\/schema\\\/person\\\/4e717e9d5e7dc8a9563d831e8eff4281\"},\"breadcrumb\":{\"@id\":\"https:\\\/\\\/sportotto.com\\\/fi\\\/uutiset\\\/parahiihtaja-inkki-inola-tuomitsee-ipcn-paatoksen-venajan-ja-valkovenajan-paluu-paraurheiluun-on-moraalisesti-kestamatonta\\\/#breadcrumb\"},\"inLanguage\":\"fi\",\"potentialAction\":[{\"@type\":\"ReadAction\",\"target\":[\"https:\\\/\\\/sportotto.com\\\/fi\\\/uutiset\\\/parahiihtaja-inkki-inola-tuomitsee-ipcn-paatoksen-venajan-ja-valkovenajan-paluu-paraurheiluun-on-moraalisesti-kestamatonta\\\/\"]}]},{\"@type\":\"ImageObject\",\"inLanguage\":\"fi\",\"@id\":\"https:\\\/\\\/sportotto.com\\\/fi\\\/uutiset\\\/parahiihtaja-inkki-inola-tuomitsee-ipcn-paatoksen-venajan-ja-valkovenajan-paluu-paraurheiluun-on-moraalisesti-kestamatonta\\\/#primaryimage\",\"url\":\"https:\\\/\\\/sportotto.com\\\/wp-content\\\/uploads\\\/2025\\\/10\\\/ParahiihtC3A4jC3A420Inkki20Inola20tuomitsee20IPCn20pC3A4C3A4tC3B6ksen3A20VenC3A4jC3A4n20ja20ValkoVenC3A4jC3A4n20paluu20paraurheiluun20on20moraalisesti20kestC3A4mC3A4tC3B6ntC3A4-2025-10-06T053A013A34.137Z.jpg\",\"contentUrl\":\"https:\\\/\\\/sportotto.com\\\/wp-content\\\/uploads\\\/2025\\\/10\\\/ParahiihtC3A4jC3A420Inkki20Inola20tuomitsee20IPCn20pC3A4C3A4tC3B6ksen3A20VenC3A4jC3A4n20ja20ValkoVenC3A4jC3A4n20paluu20paraurheiluun20on20moraalisesti20kestC3A4mC3A4tC3B6ntC3A4-2025-10-06T053A013A34.137Z.jpg\",\"width\":1024,\"height\":1024},{\"@type\":\"BreadcrumbList\",\"@id\":\"https:\\\/\\\/sportotto.com\\\/fi\\\/uutiset\\\/parahiihtaja-inkki-inola-tuomitsee-ipcn-paatoksen-venajan-ja-valkovenajan-paluu-paraurheiluun-on-moraalisesti-kestamatonta\\\/#breadcrumb\",\"itemListElement\":[{\"@type\":\"ListItem\",\"position\":1,\"name\":\"Sportotto\",\"item\":\"https:\\\/\\\/sportotto.com\\\/fi\\\/\"},{\"@type\":\"ListItem\",\"position\":2,\"name\":\"Okategoriserad\",\"item\":\"https:\\\/\\\/sportotto.com\\\/cl\\\/okategoriserad\\\/\"},{\"@type\":\"ListItem\",\"position\":3,\"name\":\"Parahiiht\u00e4j\u00e4 Inkki Inola tuomitsee IPCn p\u00e4\u00e4t\u00f6ksen: Ven\u00e4j\u00e4n ja ValkoVen\u00e4j\u00e4n paluu paraurheiluun on moraalisesti kest\u00e4m\u00e4t\u00f6nt\u00e4\"}]},{\"@type\":\"WebSite\",\"@id\":\"https:\\\/\\\/sportotto.com\\\/fi\\\/#website\",\"url\":\"https:\\\/\\\/sportotto.com\\\/fi\\\/\",\"name\":\"Sportotto.com\",\"description\":\"All about sports betting!\",\"potentialAction\":[{\"@type\":\"SearchAction\",\"target\":{\"@type\":\"EntryPoint\",\"urlTemplate\":\"https:\\\/\\\/sportotto.com\\\/fi\\\/?s={search_term_string}\"},\"query-input\":{\"@type\":\"PropertyValueSpecification\",\"valueRequired\":true,\"valueName\":\"search_term_string\"}}],\"inLanguage\":\"fi\"},{\"@type\":\"Person\",\"@id\":\"https:\\\/\\\/sportotto.com\\\/fi\\\/#\\\/schema\\\/person\\\/4e717e9d5e7dc8a9563d831e8eff4281\",\"name\":\"Linus Jung\",\"image\":{\"@type\":\"ImageObject\",\"inLanguage\":\"fi\",\"@id\":\"https:\\\/\\\/secure.gravatar.com\\\/avatar\\\/eca1d2df4eae3f7495ac24b159d8abf4d4d395492b5e7c4c934e1b65646f8db3?s=96&d=mm&r=g\",\"url\":\"https:\\\/\\\/secure.gravatar.com\\\/avatar\\\/eca1d2df4eae3f7495ac24b159d8abf4d4d395492b5e7c4c934e1b65646f8db3?s=96&d=mm&r=g\",\"contentUrl\":\"https:\\\/\\\/secure.gravatar.com\\\/avatar\\\/eca1d2df4eae3f7495ac24b159d8abf4d4d395492b5e7c4c934e1b65646f8db3?s=96&d=mm&r=g\",\"caption\":\"Linus Jung\"}}]}<\/script>\n<!-- \/ Yoast SEO plugin. -->","yoast_head_json":{"title":"Parahiiht\u00e4j\u00e4 Inkki Inola tuomitsee IPCn p\u00e4\u00e4t\u00f6ksen: Ven\u00e4j\u00e4n ja ValkoVen\u00e4j\u00e4n paluu paraurheiluun on moraalisesti kest\u00e4m\u00e4t\u00f6nt\u00e4 - Sportotto.com","robots":{"index":"index","follow":"follow","max-snippet":"max-snippet:-1","max-image-preview":"max-image-preview:large","max-video-preview":"max-video-preview:-1"},"canonical":"https:\/\/sportotto.com\/fi\/uutiset\/parahiihtaja-inkki-inola-tuomitsee-ipcn-paatoksen-venajan-ja-valkovenajan-paluu-paraurheiluun-on-moraalisesti-kestamatonta\/","og_locale":"fi_FI","og_type":"article","og_title":"Parahiiht\u00e4j\u00e4 Inkki Inola tuomitsee IPCn p\u00e4\u00e4t\u00f6ksen: Ven\u00e4j\u00e4n ja ValkoVen\u00e4j\u00e4n paluu paraurheiluun on moraalisesti kest\u00e4m\u00e4t\u00f6nt\u00e4 - Sportotto.com","og_description":"Parahiiht\u00e4j\u00e4 Inkki Inola tuomitsee IPCn p\u00e4\u00e4t\u00f6ksen: Ven\u00e4j\u00e4n ja ValkoVen\u00e4j\u00e4n paluu paraurheiluun on moraalisesti kest\u00e4m\u00e4t\u00f6nt\u00e4 Kansainv\u00e4lisen paralympiakomitean p\u00e4\u00e4t\u00f6s sallia Ven\u00e4j\u00e4n ja...","og_url":"https:\/\/sportotto.com\/fi\/uutiset\/parahiihtaja-inkki-inola-tuomitsee-ipcn-paatoksen-venajan-ja-valkovenajan-paluu-paraurheiluun-on-moraalisesti-kestamatonta\/","og_site_name":"Sportotto.com","article_published_time":"2025-10-06T05:01:46+00:00","author":"Linus Jung","twitter_card":"summary_large_image","twitter_misc":{"Kirjoittanut":"Linus Jung","Arvioitu lukuaika":"2 minuuttia"},"schema":{"@context":"https:\/\/schema.org","@graph":[{"@type":"Article","@id":"https:\/\/sportotto.com\/fi\/uutiset\/parahiihtaja-inkki-inola-tuomitsee-ipcn-paatoksen-venajan-ja-valkovenajan-paluu-paraurheiluun-on-moraalisesti-kestamatonta\/#article","isPartOf":{"@id":"https:\/\/sportotto.com\/fi\/uutiset\/parahiihtaja-inkki-inola-tuomitsee-ipcn-paatoksen-venajan-ja-valkovenajan-paluu-paraurheiluun-on-moraalisesti-kestamatonta\/"},"author":{"name":"Linus Jung","@id":"https:\/\/sportotto.com\/fi\/#\/schema\/person\/4e717e9d5e7dc8a9563d831e8eff4281"},"headline":"Parahiiht\u00e4j\u00e4 Inkki Inola tuomitsee IPCn p\u00e4\u00e4t\u00f6ksen: Ven\u00e4j\u00e4n ja ValkoVen\u00e4j\u00e4n paluu paraurheiluun on moraalisesti kest\u00e4m\u00e4t\u00f6nt\u00e4","datePublished":"2025-10-06T05:01:46+00:00","mainEntityOfPage":{"@id":"https:\/\/sportotto.com\/fi\/uutiset\/parahiihtaja-inkki-inola-tuomitsee-ipcn-paatoksen-venajan-ja-valkovenajan-paluu-paraurheiluun-on-moraalisesti-kestamatonta\/"},"wordCount":475,"commentCount":0,"image":{"@id":"https:\/\/sportotto.com\/fi\/uutiset\/parahiihtaja-inkki-inola-tuomitsee-ipcn-paatoksen-venajan-ja-valkovenajan-paluu-paraurheiluun-on-moraalisesti-kestamatonta\/#primaryimage"},"thumbnailUrl":"https:\/\/sportotto.com\/wp-content\/uploads\/2025\/10\/ParahiihtC3A4jC3A420Inkki20Inola20tuomitsee20IPCn20pC3A4C3A4tC3B6ksen3A20VenC3A4jC3A4n20ja20ValkoVenC3A4jC3A4n20paluu20paraurheiluun20on20moraalisesti20kestC3A4mC3A4tC3B6ntC3A4-2025-10-06T053A013A34.137Z.jpg","articleSection":["Uutiset"],"inLanguage":"fi","potentialAction":[{"@type":"CommentAction","name":"Comment","target":["https:\/\/sportotto.com\/fi\/uutiset\/parahiihtaja-inkki-inola-tuomitsee-ipcn-paatoksen-venajan-ja-valkovenajan-paluu-paraurheiluun-on-moraalisesti-kestamatonta\/#respond"]}]},{"@type":"WebPage","@id":"https:\/\/sportotto.com\/fi\/uutiset\/parahiihtaja-inkki-inola-tuomitsee-ipcn-paatoksen-venajan-ja-valkovenajan-paluu-paraurheiluun-on-moraalisesti-kestamatonta\/","url":"https:\/\/sportotto.com\/fi\/uutiset\/parahiihtaja-inkki-inola-tuomitsee-ipcn-paatoksen-venajan-ja-valkovenajan-paluu-paraurheiluun-on-moraalisesti-kestamatonta\/","name":"Parahiiht\u00e4j\u00e4 Inkki Inola tuomitsee IPCn p\u00e4\u00e4t\u00f6ksen: Ven\u00e4j\u00e4n ja ValkoVen\u00e4j\u00e4n paluu paraurheiluun on moraalisesti kest\u00e4m\u00e4t\u00f6nt\u00e4 - Sportotto.com","isPartOf":{"@id":"https:\/\/sportotto.com\/fi\/#website"},"primaryImageOfPage":{"@id":"https:\/\/sportotto.com\/fi\/uutiset\/parahiihtaja-inkki-inola-tuomitsee-ipcn-paatoksen-venajan-ja-valkovenajan-paluu-paraurheiluun-on-moraalisesti-kestamatonta\/#primaryimage"},"image":{"@id":"https:\/\/sportotto.com\/fi\/uutiset\/parahiihtaja-inkki-inola-tuomitsee-ipcn-paatoksen-venajan-ja-valkovenajan-paluu-paraurheiluun-on-moraalisesti-kestamatonta\/#primaryimage"},"thumbnailUrl":"https:\/\/sportotto.com\/wp-content\/uploads\/2025\/10\/ParahiihtC3A4jC3A420Inkki20Inola20tuomitsee20IPCn20pC3A4C3A4tC3B6ksen3A20VenC3A4jC3A4n20ja20ValkoVenC3A4jC3A4n20paluu20paraurheiluun20on20moraalisesti20kestC3A4mC3A4tC3B6ntC3A4-2025-10-06T053A013A34.137Z.jpg","datePublished":"2025-10-06T05:01:46+00:00","author":{"@id":"https:\/\/sportotto.com\/fi\/#\/schema\/person\/4e717e9d5e7dc8a9563d831e8eff4281"},"breadcrumb":{"@id":"https:\/\/sportotto.com\/fi\/uutiset\/parahiihtaja-inkki-inola-tuomitsee-ipcn-paatoksen-venajan-ja-valkovenajan-paluu-paraurheiluun-on-moraalisesti-kestamatonta\/#breadcrumb"},"inLanguage":"fi","potentialAction":[{"@type":"ReadAction","target":["https:\/\/sportotto.com\/fi\/uutiset\/parahiihtaja-inkki-inola-tuomitsee-ipcn-paatoksen-venajan-ja-valkovenajan-paluu-paraurheiluun-on-moraalisesti-kestamatonta\/"]}]},{"@type":"ImageObject","inLanguage":"fi","@id":"https:\/\/sportotto.com\/fi\/uutiset\/parahiihtaja-inkki-inola-tuomitsee-ipcn-paatoksen-venajan-ja-valkovenajan-paluu-paraurheiluun-on-moraalisesti-kestamatonta\/#primaryimage","url":"https:\/\/sportotto.com\/wp-content\/uploads\/2025\/10\/ParahiihtC3A4jC3A420Inkki20Inola20tuomitsee20IPCn20pC3A4C3A4tC3B6ksen3A20VenC3A4jC3A4n20ja20ValkoVenC3A4jC3A4n20paluu20paraurheiluun20on20moraalisesti20kestC3A4mC3A4tC3B6ntC3A4-2025-10-06T053A013A34.137Z.jpg","contentUrl":"https:\/\/sportotto.com\/wp-content\/uploads\/2025\/10\/ParahiihtC3A4jC3A420Inkki20Inola20tuomitsee20IPCn20pC3A4C3A4tC3B6ksen3A20VenC3A4jC3A4n20ja20ValkoVenC3A4jC3A4n20paluu20paraurheiluun20on20moraalisesti20kestC3A4mC3A4tC3B6ntC3A4-2025-10-06T053A013A34.137Z.jpg","width":1024,"height":1024},{"@type":"BreadcrumbList","@id":"https:\/\/sportotto.com\/fi\/uutiset\/parahiihtaja-inkki-inola-tuomitsee-ipcn-paatoksen-venajan-ja-valkovenajan-paluu-paraurheiluun-on-moraalisesti-kestamatonta\/#breadcrumb","itemListElement":[{"@type":"ListItem","position":1,"name":"Sportotto","item":"https:\/\/sportotto.com\/fi\/"},{"@type":"ListItem","position":2,"name":"Okategoriserad","item":"https:\/\/sportotto.com\/cl\/okategoriserad\/"},{"@type":"ListItem","position":3,"name":"Parahiiht\u00e4j\u00e4 Inkki Inola tuomitsee IPCn p\u00e4\u00e4t\u00f6ksen: Ven\u00e4j\u00e4n ja ValkoVen\u00e4j\u00e4n paluu paraurheiluun on moraalisesti kest\u00e4m\u00e4t\u00f6nt\u00e4"}]},{"@type":"WebSite","@id":"https:\/\/sportotto.com\/fi\/#website","url":"https:\/\/sportotto.com\/fi\/","name":"Sportotto.com","description":"All about sports betting!","potentialAction":[{"@type":"SearchAction","target":{"@type":"EntryPoint","urlTemplate":"https:\/\/sportotto.com\/fi\/?s={search_term_string}"},"query-input":{"@type":"PropertyValueSpecification","valueRequired":true,"valueName":"search_term_string"}}],"inLanguage":"fi"},{"@type":"Person","@id":"https:\/\/sportotto.com\/fi\/#\/schema\/person\/4e717e9d5e7dc8a9563d831e8eff4281","name":"Linus Jung","image":{"@type":"ImageObject","inLanguage":"fi","@id":"https:\/\/secure.gravatar.com\/avatar\/eca1d2df4eae3f7495ac24b159d8abf4d4d395492b5e7c4c934e1b65646f8db3?s=96&d=mm&r=g","url":"https:\/\/secure.gravatar.com\/avatar\/eca1d2df4eae3f7495ac24b159d8abf4d4d395492b5e7c4c934e1b65646f8db3?s=96&d=mm&r=g","contentUrl":"https:\/\/secure.gravatar.com\/avatar\/eca1d2df4eae3f7495ac24b159d8abf4d4d395492b5e7c4c934e1b65646f8db3?s=96&d=mm&r=g","caption":"Linus Jung"}}]}},"_links":{"self":[{"href":"https:\/\/sportotto.com\/fi\/wp-json\/wp\/v2\/posts\/1493","targetHints":{"allow":["GET"]}}],"collection":[{"href":"https:\/\/sportotto.com\/fi\/wp-json\/wp\/v2\/posts"}],"about":[{"href":"https:\/\/sportotto.com\/fi\/wp-json\/wp\/v2\/types\/post"}],"author":[{"embeddable":true,"href":"https:\/\/sportotto.com\/fi\/wp-json\/wp\/v2\/users\/7"}],"replies":[{"embeddable":true,"href":"https:\/\/sportotto.com\/fi\/wp-json\/wp\/v2\/comments?post=1493"}],"version-history":[{"count":0,"href":"https:\/\/sportotto.com\/fi\/wp-json\/wp\/v2\/posts\/1493\/revisions"}],"wp:featuredmedia":[{"embeddable":true,"href":"https:\/\/sportotto.com\/fi\/wp-json\/wp\/v2\/media\/1489"}],"wp:attachment":[{"href":"https:\/\/sportotto.com\/fi\/wp-json\/wp\/v2\/media?parent=1493"}],"wp:term":[{"taxonomy":"category","embeddable":true,"href":"https:\/\/sportotto.com\/fi\/wp-json\/wp\/v2\/categories?post=1493"},{"taxonomy":"post_tag","embeddable":true,"href":"https:\/\/sportotto.com\/fi\/wp-json\/wp\/v2\/tags?post=1493"}],"curies":[{"name":"wp","href":"https:\/\/api.w.org\/{rel}","templated":true}]}}