{"id":1498,"date":"2025-10-07T05:02:34","date_gmt":"2025-10-07T05:02:34","guid":{"rendered":"https:\/\/sportotto.com\/okategoriserad\/amanda-kotajan-pysayttava-matka-kohti-uutta-nousua-sairauden-jalkeen-kohti-pariisin-paralympialaisia\/"},"modified":"2025-10-07T05:02:34","modified_gmt":"2025-10-07T05:02:34","slug":"amanda-kotajan-pysayttava-matka-kohti-uutta-nousua-sairauden-jalkeen-kohti-pariisin-paralympialaisia","status":"publish","type":"post","link":"https:\/\/sportotto.com\/fi\/uutiset\/amanda-kotajan-pysayttava-matka-kohti-uutta-nousua-sairauden-jalkeen-kohti-pariisin-paralympialaisia\/","title":{"rendered":"Amanda Kotajan pys\u00e4ytt\u00e4v\u00e4 matka kohti uutta nousua \u2013 sairauden j\u00e4lkeen kohti Pariisin paralympialaisia"},"content":{"rendered":"<h1>Amanda Kotajan pys\u00e4ytt\u00e4v\u00e4 matka kohti uutta nousua \u2013 sairauden j\u00e4lkeen kohti Pariisin paralympialaisia<\/h1>\n<p>Amanda Kotaja, nelinkertainen maailmanmestari ja kaksinkertainen paralympiamitalisti, oli valmistautunut huolellisesti enn\u00e4tyskautta varten. Kaikki n\u00e4ytti loksahtavan paikoilleen \u2013 treenit, vire ja kirkas tavoite: <strong>parayleisurheilun MM-kisat Intiassa<\/strong>. Mutta juuri ennen kauden huipennusta \u00e4killinen sairastuminen pys\u00e4ytti kaiken.<\/p>\n<h2>Kun keho pys\u00e4htyy \u2013 mutta tahto ei<\/h2>\n<p>Turkin harjoitusleirill\u00e4 alkanut sairaus pakotti Kotajan lep\u00e4\u00e4m\u00e4\u00e4n ja j\u00e4tt\u00e4m\u00e4\u00e4n haaveillut kisat v\u00e4liin. Vaikka tilanne oli raskas, h\u00e4n ei kadottanut toivoaan. <strong>Lepo ja toipuminen<\/strong> veiv\u00e4t voimat, mutta my\u00f6s avasivat uusia n\u00e4k\u00f6kulmia urheilijan el\u00e4m\u00e4\u00e4n. Nyt h\u00e4n kertoo vointinsa kohentuneen p\u00e4iv\u00e4 p\u00e4iv\u00e4lt\u00e4 ja suhtautuvansa tulevaisuuteen rauhallisen p\u00e4\u00e4tt\u00e4v\u00e4isesti.<\/p>\n<h2>Kotikyl\u00e4 Vampula \u2013 hetki heng\u00e4ht\u00e4\u00e4<\/h2>\n<p>Toipumisen keskell\u00e4 Kotaja palasi lapsuudenkotiinsa Vampulaan. Maaseudun rauha, l\u00e4heisten tuki ja hiljaisuus loivat t\u00e4ydellisen ymp\u00e4rist\u00f6n latautua. H\u00e4nen mukaansa jokainen tsemppiviesti ja l\u00e4mmin sana on ollut kuin pieni askel takaisin valoon.<\/p>\n<ul>\n<li>Perheen ja yst\u00e4vien merkitys on ollut valtava.<\/li>\n<li>Tsemppaukset ovat lis\u00e4nneet motivaatiota.<\/li>\n<li>Lepojakso on nyt t\u00e4rke\u00e4mpi kuin yksik\u00e4\u00e4n kilpailu.<\/li>\n<\/ul>\n<p>Nyt ty\u00f6 keskittyy omaan hyvinvointiin, ei aikatauluihin. Vaikka paluun tarkkaa p\u00e4iv\u00e4\u00e4 ei viel\u00e4 ole, suunta on selv\u00e4 \u2013 yl\u00f6s ja eteenp\u00e4in.<\/p>\n<h2>Pettymyksest\u00e4 sisukkuuteen<\/h2>\n<p>Kotaja on uransa aikana kohdannut monia iskuja, mutta h\u00e4n on aina noussut takaisin vahvempana. <strong>MM-kisojen v\u00e4liin j\u00e4\u00e4minen<\/strong> oli kova paikka, mutta h\u00e4n k\u00e4\u00e4nsi senkin voimavaraksi. H\u00e4nen valmennustiimins\u00e4 kuvailee h\u00e4nt\u00e4 urheilijaksi, joka \u201cei j\u00e4\u00e4 tuleen makaamaan \u2013 h\u00e4n rakentaa sen ymp\u00e4rille uuden suunnitelman\u201d.<\/p>\n<h2>Katse kohti Pariisia<\/h2>\n<p>Vaikka Intian kisat j\u00e4iv\u00e4t v\u00e4liin, t\u00e4ht\u00e4in on nyt <strong>Pariisin paralympialaisissa 2026<\/strong>. Jokainen treeni, lepohetki ja henkinen valmistautuminen t\u00e4ht\u00e4\u00e4 sinne. Kotaja etenee maltilla \u2013 ensin keho kuntoon, sitten kilpailut. T\u00e4m\u00e4 prosessi on osoitus h\u00e4nen suunnitelmallisuudestaan ja kyvyst\u00e4\u00e4n hallita omaa mielt\u00e4\u00e4n vaikeissakin hetkiss\u00e4.<\/p>\n<ol>\n<li>Toipumisen vahvistaminen.<\/li>\n<li>Harjoitusrytmin muokkaus.<\/li>\n<li>Valmistautuminen pitk\u00e4n aikav\u00e4lin tavoitteeseen: Pariisi 2026.<\/li>\n<\/ol>\n<h2>Urheilun inhimillinen ydin<\/h2>\n<p>T\u00e4m\u00e4 tarina muistuttaa, ett\u00e4 urheilu ei ole vain mitaleja ja voitonjuhlia. Se on my\u00f6s <strong>ep\u00e4varmuutta, kipua ja itsens\u00e4 ylitt\u00e4mist\u00e4<\/strong>. Amanda Kotaja edustaa juuri sit\u00e4 suomalaisen urheilun ydint\u00e4, jossa n\u00f6yryys, periksiantamattomuus ja rohkeus kulkevat k\u00e4si k\u00e4dess\u00e4.<\/p>\n<p>Ja kun h\u00e4n seuraavan kerran starttaa kilparadalla, yksi asia on varma \u2013 h\u00e4nen tahtonsa ei ole kadonnut, vaan kasvanut. Maailman huipulle nouseminen vaatii enemm\u00e4n kuin fyysist\u00e4 voimaa; se vaatii syd\u00e4nt\u00e4, jota Amanda Kotajalla riitt\u00e4\u00e4. Uskotko sin\u00e4, ett\u00e4 h\u00e4n palaa entist\u00e4 vahvempana?<\/p>\n","protected":false},"excerpt":{"rendered":"<p>Amanda Kotajan pys\u00e4ytt\u00e4v\u00e4 matka kohti uutta nousua \u2013 sairauden j\u00e4lkeen kohti Pariisin paralympialaisia Amanda Kotaja, nelinkertainen maailmanmestari ja kaksinkertainen paralympiamitalisti,&#8230;<\/p>\n","protected":false},"author":7,"featured_media":1494,"comment_status":"open","ping_status":"open","sticky":false,"template":"","format":"standard","meta":{"_acf_changed":false,"footnotes":""},"categories":[37],"tags":[],"class_list":["post-1498","post","type-post","status-publish","format-standard","has-post-thumbnail","hentry","category-uutiset"],"acf":[],"yoast_head":"<!-- This site is optimized with the Yoast SEO plugin v27.4 - https:\/\/yoast.com\/product\/yoast-seo-wordpress\/ -->\n<title>Amanda Kotajan pys\u00e4ytt\u00e4v\u00e4 matka kohti uutta nousua \u2013 sairauden j\u00e4lkeen kohti Pariisin paralympialaisia - Sportotto.com<\/title>\n<meta name=\"robots\" content=\"index, follow, max-snippet:-1, max-image-preview:large, max-video-preview:-1\" \/>\n<link rel=\"canonical\" href=\"https:\/\/sportotto.com\/fi\/uutiset\/amanda-kotajan-pysayttava-matka-kohti-uutta-nousua-sairauden-jalkeen-kohti-pariisin-paralympialaisia\/\" \/>\n<meta property=\"og:locale\" content=\"fi_FI\" \/>\n<meta property=\"og:type\" content=\"article\" \/>\n<meta property=\"og:title\" content=\"Amanda Kotajan pys\u00e4ytt\u00e4v\u00e4 matka kohti uutta nousua \u2013 sairauden j\u00e4lkeen kohti Pariisin paralympialaisia - Sportotto.com\" \/>\n<meta property=\"og:description\" content=\"Amanda Kotajan pys\u00e4ytt\u00e4v\u00e4 matka kohti uutta nousua \u2013 sairauden j\u00e4lkeen kohti Pariisin paralympialaisia Amanda Kotaja, nelinkertainen maailmanmestari ja kaksinkertainen paralympiamitalisti,...\" \/>\n<meta property=\"og:url\" content=\"https:\/\/sportotto.com\/fi\/uutiset\/amanda-kotajan-pysayttava-matka-kohti-uutta-nousua-sairauden-jalkeen-kohti-pariisin-paralympialaisia\/\" \/>\n<meta property=\"og:site_name\" content=\"Sportotto.com\" \/>\n<meta property=\"article:published_time\" content=\"2025-10-07T05:02:34+00:00\" \/>\n<meta name=\"author\" content=\"Linus Jung\" \/>\n<meta name=\"twitter:card\" content=\"summary_large_image\" \/>\n<meta name=\"twitter:label1\" content=\"Kirjoittanut\" \/>\n\t<meta name=\"twitter:data1\" content=\"Linus Jung\" \/>\n\t<meta name=\"twitter:label2\" content=\"Arvioitu lukuaika\" \/>\n\t<meta name=\"twitter:data2\" content=\"2 minuuttia\" \/>\n<script type=\"application\/ld+json\" class=\"yoast-schema-graph\">{\"@context\":\"https:\\\/\\\/schema.org\",\"@graph\":[{\"@type\":\"Article\",\"@id\":\"https:\\\/\\\/sportotto.com\\\/fi\\\/uutiset\\\/amanda-kotajan-pysayttava-matka-kohti-uutta-nousua-sairauden-jalkeen-kohti-pariisin-paralympialaisia\\\/#article\",\"isPartOf\":{\"@id\":\"https:\\\/\\\/sportotto.com\\\/fi\\\/uutiset\\\/amanda-kotajan-pysayttava-matka-kohti-uutta-nousua-sairauden-jalkeen-kohti-pariisin-paralympialaisia\\\/\"},\"author\":{\"name\":\"Linus Jung\",\"@id\":\"https:\\\/\\\/sportotto.com\\\/fi\\\/#\\\/schema\\\/person\\\/4e717e9d5e7dc8a9563d831e8eff4281\"},\"headline\":\"Amanda Kotajan pys\u00e4ytt\u00e4v\u00e4 matka kohti uutta nousua \u2013 sairauden j\u00e4lkeen kohti Pariisin paralympialaisia\",\"datePublished\":\"2025-10-07T05:02:34+00:00\",\"mainEntityOfPage\":{\"@id\":\"https:\\\/\\\/sportotto.com\\\/fi\\\/uutiset\\\/amanda-kotajan-pysayttava-matka-kohti-uutta-nousua-sairauden-jalkeen-kohti-pariisin-paralympialaisia\\\/\"},\"wordCount\":429,\"commentCount\":0,\"image\":{\"@id\":\"https:\\\/\\\/sportotto.com\\\/fi\\\/uutiset\\\/amanda-kotajan-pysayttava-matka-kohti-uutta-nousua-sairauden-jalkeen-kohti-pariisin-paralympialaisia\\\/#primaryimage\"},\"thumbnailUrl\":\"https:\\\/\\\/sportotto.com\\\/wp-content\\\/uploads\\\/2025\\\/10\\\/Amanda20Kotajan20pysC3A4yttC3A4vC3A420matka20kohti20uutta20nousua20E2809320sairauden20jC3A4lkeen20kohti20Pariisin20paralympialaisia-2025-10-07T053A023A23.151Z.jpg\",\"articleSection\":[\"Uutiset\"],\"inLanguage\":\"fi\",\"potentialAction\":[{\"@type\":\"CommentAction\",\"name\":\"Comment\",\"target\":[\"https:\\\/\\\/sportotto.com\\\/fi\\\/uutiset\\\/amanda-kotajan-pysayttava-matka-kohti-uutta-nousua-sairauden-jalkeen-kohti-pariisin-paralympialaisia\\\/#respond\"]}]},{\"@type\":\"WebPage\",\"@id\":\"https:\\\/\\\/sportotto.com\\\/fi\\\/uutiset\\\/amanda-kotajan-pysayttava-matka-kohti-uutta-nousua-sairauden-jalkeen-kohti-pariisin-paralympialaisia\\\/\",\"url\":\"https:\\\/\\\/sportotto.com\\\/fi\\\/uutiset\\\/amanda-kotajan-pysayttava-matka-kohti-uutta-nousua-sairauden-jalkeen-kohti-pariisin-paralympialaisia\\\/\",\"name\":\"Amanda Kotajan pys\u00e4ytt\u00e4v\u00e4 matka kohti uutta nousua \u2013 sairauden j\u00e4lkeen kohti Pariisin paralympialaisia - Sportotto.com\",\"isPartOf\":{\"@id\":\"https:\\\/\\\/sportotto.com\\\/fi\\\/#website\"},\"primaryImageOfPage\":{\"@id\":\"https:\\\/\\\/sportotto.com\\\/fi\\\/uutiset\\\/amanda-kotajan-pysayttava-matka-kohti-uutta-nousua-sairauden-jalkeen-kohti-pariisin-paralympialaisia\\\/#primaryimage\"},\"image\":{\"@id\":\"https:\\\/\\\/sportotto.com\\\/fi\\\/uutiset\\\/amanda-kotajan-pysayttava-matka-kohti-uutta-nousua-sairauden-jalkeen-kohti-pariisin-paralympialaisia\\\/#primaryimage\"},\"thumbnailUrl\":\"https:\\\/\\\/sportotto.com\\\/wp-content\\\/uploads\\\/2025\\\/10\\\/Amanda20Kotajan20pysC3A4yttC3A4vC3A420matka20kohti20uutta20nousua20E2809320sairauden20jC3A4lkeen20kohti20Pariisin20paralympialaisia-2025-10-07T053A023A23.151Z.jpg\",\"datePublished\":\"2025-10-07T05:02:34+00:00\",\"author\":{\"@id\":\"https:\\\/\\\/sportotto.com\\\/fi\\\/#\\\/schema\\\/person\\\/4e717e9d5e7dc8a9563d831e8eff4281\"},\"breadcrumb\":{\"@id\":\"https:\\\/\\\/sportotto.com\\\/fi\\\/uutiset\\\/amanda-kotajan-pysayttava-matka-kohti-uutta-nousua-sairauden-jalkeen-kohti-pariisin-paralympialaisia\\\/#breadcrumb\"},\"inLanguage\":\"fi\",\"potentialAction\":[{\"@type\":\"ReadAction\",\"target\":[\"https:\\\/\\\/sportotto.com\\\/fi\\\/uutiset\\\/amanda-kotajan-pysayttava-matka-kohti-uutta-nousua-sairauden-jalkeen-kohti-pariisin-paralympialaisia\\\/\"]}]},{\"@type\":\"ImageObject\",\"inLanguage\":\"fi\",\"@id\":\"https:\\\/\\\/sportotto.com\\\/fi\\\/uutiset\\\/amanda-kotajan-pysayttava-matka-kohti-uutta-nousua-sairauden-jalkeen-kohti-pariisin-paralympialaisia\\\/#primaryimage\",\"url\":\"https:\\\/\\\/sportotto.com\\\/wp-content\\\/uploads\\\/2025\\\/10\\\/Amanda20Kotajan20pysC3A4yttC3A4vC3A420matka20kohti20uutta20nousua20E2809320sairauden20jC3A4lkeen20kohti20Pariisin20paralympialaisia-2025-10-07T053A023A23.151Z.jpg\",\"contentUrl\":\"https:\\\/\\\/sportotto.com\\\/wp-content\\\/uploads\\\/2025\\\/10\\\/Amanda20Kotajan20pysC3A4yttC3A4vC3A420matka20kohti20uutta20nousua20E2809320sairauden20jC3A4lkeen20kohti20Pariisin20paralympialaisia-2025-10-07T053A023A23.151Z.jpg\",\"width\":1024,\"height\":1536},{\"@type\":\"BreadcrumbList\",\"@id\":\"https:\\\/\\\/sportotto.com\\\/fi\\\/uutiset\\\/amanda-kotajan-pysayttava-matka-kohti-uutta-nousua-sairauden-jalkeen-kohti-pariisin-paralympialaisia\\\/#breadcrumb\",\"itemListElement\":[{\"@type\":\"ListItem\",\"position\":1,\"name\":\"Sportotto\",\"item\":\"https:\\\/\\\/sportotto.com\\\/fi\\\/\"},{\"@type\":\"ListItem\",\"position\":2,\"name\":\"Okategoriserad\",\"item\":\"https:\\\/\\\/sportotto.com\\\/cl\\\/okategoriserad\\\/\"},{\"@type\":\"ListItem\",\"position\":3,\"name\":\"Amanda Kotajan pys\u00e4ytt\u00e4v\u00e4 matka kohti uutta nousua \u2013 sairauden j\u00e4lkeen kohti Pariisin paralympialaisia\"}]},{\"@type\":\"WebSite\",\"@id\":\"https:\\\/\\\/sportotto.com\\\/fi\\\/#website\",\"url\":\"https:\\\/\\\/sportotto.com\\\/fi\\\/\",\"name\":\"Sportotto.com\",\"description\":\"All about sports betting!\",\"potentialAction\":[{\"@type\":\"SearchAction\",\"target\":{\"@type\":\"EntryPoint\",\"urlTemplate\":\"https:\\\/\\\/sportotto.com\\\/fi\\\/?s={search_term_string}\"},\"query-input\":{\"@type\":\"PropertyValueSpecification\",\"valueRequired\":true,\"valueName\":\"search_term_string\"}}],\"inLanguage\":\"fi\"},{\"@type\":\"Person\",\"@id\":\"https:\\\/\\\/sportotto.com\\\/fi\\\/#\\\/schema\\\/person\\\/4e717e9d5e7dc8a9563d831e8eff4281\",\"name\":\"Linus Jung\",\"image\":{\"@type\":\"ImageObject\",\"inLanguage\":\"fi\",\"@id\":\"https:\\\/\\\/secure.gravatar.com\\\/avatar\\\/eca1d2df4eae3f7495ac24b159d8abf4d4d395492b5e7c4c934e1b65646f8db3?s=96&d=mm&r=g\",\"url\":\"https:\\\/\\\/secure.gravatar.com\\\/avatar\\\/eca1d2df4eae3f7495ac24b159d8abf4d4d395492b5e7c4c934e1b65646f8db3?s=96&d=mm&r=g\",\"contentUrl\":\"https:\\\/\\\/secure.gravatar.com\\\/avatar\\\/eca1d2df4eae3f7495ac24b159d8abf4d4d395492b5e7c4c934e1b65646f8db3?s=96&d=mm&r=g\",\"caption\":\"Linus Jung\"}}]}<\/script>\n<!-- \/ Yoast SEO plugin. -->","yoast_head_json":{"title":"Amanda Kotajan pys\u00e4ytt\u00e4v\u00e4 matka kohti uutta nousua \u2013 sairauden j\u00e4lkeen kohti Pariisin paralympialaisia - Sportotto.com","robots":{"index":"index","follow":"follow","max-snippet":"max-snippet:-1","max-image-preview":"max-image-preview:large","max-video-preview":"max-video-preview:-1"},"canonical":"https:\/\/sportotto.com\/fi\/uutiset\/amanda-kotajan-pysayttava-matka-kohti-uutta-nousua-sairauden-jalkeen-kohti-pariisin-paralympialaisia\/","og_locale":"fi_FI","og_type":"article","og_title":"Amanda Kotajan pys\u00e4ytt\u00e4v\u00e4 matka kohti uutta nousua \u2013 sairauden j\u00e4lkeen kohti Pariisin paralympialaisia - Sportotto.com","og_description":"Amanda Kotajan pys\u00e4ytt\u00e4v\u00e4 matka kohti uutta nousua \u2013 sairauden j\u00e4lkeen kohti Pariisin paralympialaisia Amanda Kotaja, nelinkertainen maailmanmestari ja kaksinkertainen paralympiamitalisti,...","og_url":"https:\/\/sportotto.com\/fi\/uutiset\/amanda-kotajan-pysayttava-matka-kohti-uutta-nousua-sairauden-jalkeen-kohti-pariisin-paralympialaisia\/","og_site_name":"Sportotto.com","article_published_time":"2025-10-07T05:02:34+00:00","author":"Linus Jung","twitter_card":"summary_large_image","twitter_misc":{"Kirjoittanut":"Linus Jung","Arvioitu lukuaika":"2 minuuttia"},"schema":{"@context":"https:\/\/schema.org","@graph":[{"@type":"Article","@id":"https:\/\/sportotto.com\/fi\/uutiset\/amanda-kotajan-pysayttava-matka-kohti-uutta-nousua-sairauden-jalkeen-kohti-pariisin-paralympialaisia\/#article","isPartOf":{"@id":"https:\/\/sportotto.com\/fi\/uutiset\/amanda-kotajan-pysayttava-matka-kohti-uutta-nousua-sairauden-jalkeen-kohti-pariisin-paralympialaisia\/"},"author":{"name":"Linus Jung","@id":"https:\/\/sportotto.com\/fi\/#\/schema\/person\/4e717e9d5e7dc8a9563d831e8eff4281"},"headline":"Amanda Kotajan pys\u00e4ytt\u00e4v\u00e4 matka kohti uutta nousua \u2013 sairauden j\u00e4lkeen kohti Pariisin paralympialaisia","datePublished":"2025-10-07T05:02:34+00:00","mainEntityOfPage":{"@id":"https:\/\/sportotto.com\/fi\/uutiset\/amanda-kotajan-pysayttava-matka-kohti-uutta-nousua-sairauden-jalkeen-kohti-pariisin-paralympialaisia\/"},"wordCount":429,"commentCount":0,"image":{"@id":"https:\/\/sportotto.com\/fi\/uutiset\/amanda-kotajan-pysayttava-matka-kohti-uutta-nousua-sairauden-jalkeen-kohti-pariisin-paralympialaisia\/#primaryimage"},"thumbnailUrl":"https:\/\/sportotto.com\/wp-content\/uploads\/2025\/10\/Amanda20Kotajan20pysC3A4yttC3A4vC3A420matka20kohti20uutta20nousua20E2809320sairauden20jC3A4lkeen20kohti20Pariisin20paralympialaisia-2025-10-07T053A023A23.151Z.jpg","articleSection":["Uutiset"],"inLanguage":"fi","potentialAction":[{"@type":"CommentAction","name":"Comment","target":["https:\/\/sportotto.com\/fi\/uutiset\/amanda-kotajan-pysayttava-matka-kohti-uutta-nousua-sairauden-jalkeen-kohti-pariisin-paralympialaisia\/#respond"]}]},{"@type":"WebPage","@id":"https:\/\/sportotto.com\/fi\/uutiset\/amanda-kotajan-pysayttava-matka-kohti-uutta-nousua-sairauden-jalkeen-kohti-pariisin-paralympialaisia\/","url":"https:\/\/sportotto.com\/fi\/uutiset\/amanda-kotajan-pysayttava-matka-kohti-uutta-nousua-sairauden-jalkeen-kohti-pariisin-paralympialaisia\/","name":"Amanda Kotajan pys\u00e4ytt\u00e4v\u00e4 matka kohti uutta nousua \u2013 sairauden j\u00e4lkeen kohti Pariisin paralympialaisia - Sportotto.com","isPartOf":{"@id":"https:\/\/sportotto.com\/fi\/#website"},"primaryImageOfPage":{"@id":"https:\/\/sportotto.com\/fi\/uutiset\/amanda-kotajan-pysayttava-matka-kohti-uutta-nousua-sairauden-jalkeen-kohti-pariisin-paralympialaisia\/#primaryimage"},"image":{"@id":"https:\/\/sportotto.com\/fi\/uutiset\/amanda-kotajan-pysayttava-matka-kohti-uutta-nousua-sairauden-jalkeen-kohti-pariisin-paralympialaisia\/#primaryimage"},"thumbnailUrl":"https:\/\/sportotto.com\/wp-content\/uploads\/2025\/10\/Amanda20Kotajan20pysC3A4yttC3A4vC3A420matka20kohti20uutta20nousua20E2809320sairauden20jC3A4lkeen20kohti20Pariisin20paralympialaisia-2025-10-07T053A023A23.151Z.jpg","datePublished":"2025-10-07T05:02:34+00:00","author":{"@id":"https:\/\/sportotto.com\/fi\/#\/schema\/person\/4e717e9d5e7dc8a9563d831e8eff4281"},"breadcrumb":{"@id":"https:\/\/sportotto.com\/fi\/uutiset\/amanda-kotajan-pysayttava-matka-kohti-uutta-nousua-sairauden-jalkeen-kohti-pariisin-paralympialaisia\/#breadcrumb"},"inLanguage":"fi","potentialAction":[{"@type":"ReadAction","target":["https:\/\/sportotto.com\/fi\/uutiset\/amanda-kotajan-pysayttava-matka-kohti-uutta-nousua-sairauden-jalkeen-kohti-pariisin-paralympialaisia\/"]}]},{"@type":"ImageObject","inLanguage":"fi","@id":"https:\/\/sportotto.com\/fi\/uutiset\/amanda-kotajan-pysayttava-matka-kohti-uutta-nousua-sairauden-jalkeen-kohti-pariisin-paralympialaisia\/#primaryimage","url":"https:\/\/sportotto.com\/wp-content\/uploads\/2025\/10\/Amanda20Kotajan20pysC3A4yttC3A4vC3A420matka20kohti20uutta20nousua20E2809320sairauden20jC3A4lkeen20kohti20Pariisin20paralympialaisia-2025-10-07T053A023A23.151Z.jpg","contentUrl":"https:\/\/sportotto.com\/wp-content\/uploads\/2025\/10\/Amanda20Kotajan20pysC3A4yttC3A4vC3A420matka20kohti20uutta20nousua20E2809320sairauden20jC3A4lkeen20kohti20Pariisin20paralympialaisia-2025-10-07T053A023A23.151Z.jpg","width":1024,"height":1536},{"@type":"BreadcrumbList","@id":"https:\/\/sportotto.com\/fi\/uutiset\/amanda-kotajan-pysayttava-matka-kohti-uutta-nousua-sairauden-jalkeen-kohti-pariisin-paralympialaisia\/#breadcrumb","itemListElement":[{"@type":"ListItem","position":1,"name":"Sportotto","item":"https:\/\/sportotto.com\/fi\/"},{"@type":"ListItem","position":2,"name":"Okategoriserad","item":"https:\/\/sportotto.com\/cl\/okategoriserad\/"},{"@type":"ListItem","position":3,"name":"Amanda Kotajan pys\u00e4ytt\u00e4v\u00e4 matka kohti uutta nousua \u2013 sairauden j\u00e4lkeen kohti Pariisin paralympialaisia"}]},{"@type":"WebSite","@id":"https:\/\/sportotto.com\/fi\/#website","url":"https:\/\/sportotto.com\/fi\/","name":"Sportotto.com","description":"All about sports betting!","potentialAction":[{"@type":"SearchAction","target":{"@type":"EntryPoint","urlTemplate":"https:\/\/sportotto.com\/fi\/?s={search_term_string}"},"query-input":{"@type":"PropertyValueSpecification","valueRequired":true,"valueName":"search_term_string"}}],"inLanguage":"fi"},{"@type":"Person","@id":"https:\/\/sportotto.com\/fi\/#\/schema\/person\/4e717e9d5e7dc8a9563d831e8eff4281","name":"Linus Jung","image":{"@type":"ImageObject","inLanguage":"fi","@id":"https:\/\/secure.gravatar.com\/avatar\/eca1d2df4eae3f7495ac24b159d8abf4d4d395492b5e7c4c934e1b65646f8db3?s=96&d=mm&r=g","url":"https:\/\/secure.gravatar.com\/avatar\/eca1d2df4eae3f7495ac24b159d8abf4d4d395492b5e7c4c934e1b65646f8db3?s=96&d=mm&r=g","contentUrl":"https:\/\/secure.gravatar.com\/avatar\/eca1d2df4eae3f7495ac24b159d8abf4d4d395492b5e7c4c934e1b65646f8db3?s=96&d=mm&r=g","caption":"Linus Jung"}}]}},"_links":{"self":[{"href":"https:\/\/sportotto.com\/fi\/wp-json\/wp\/v2\/posts\/1498","targetHints":{"allow":["GET"]}}],"collection":[{"href":"https:\/\/sportotto.com\/fi\/wp-json\/wp\/v2\/posts"}],"about":[{"href":"https:\/\/sportotto.com\/fi\/wp-json\/wp\/v2\/types\/post"}],"author":[{"embeddable":true,"href":"https:\/\/sportotto.com\/fi\/wp-json\/wp\/v2\/users\/7"}],"replies":[{"embeddable":true,"href":"https:\/\/sportotto.com\/fi\/wp-json\/wp\/v2\/comments?post=1498"}],"version-history":[{"count":0,"href":"https:\/\/sportotto.com\/fi\/wp-json\/wp\/v2\/posts\/1498\/revisions"}],"wp:featuredmedia":[{"embeddable":true,"href":"https:\/\/sportotto.com\/fi\/wp-json\/wp\/v2\/media\/1494"}],"wp:attachment":[{"href":"https:\/\/sportotto.com\/fi\/wp-json\/wp\/v2\/media?parent=1498"}],"wp:term":[{"taxonomy":"category","embeddable":true,"href":"https:\/\/sportotto.com\/fi\/wp-json\/wp\/v2\/categories?post=1498"},{"taxonomy":"post_tag","embeddable":true,"href":"https:\/\/sportotto.com\/fi\/wp-json\/wp\/v2\/tags?post=1498"}],"curies":[{"name":"wp","href":"https:\/\/api.w.org\/{rel}","templated":true}]}}