{"id":856,"date":"2025-06-21T05:02:24","date_gmt":"2025-06-21T05:02:24","guid":{"rendered":"https:\/\/sportotto.com\/okategoriserad\/matti-peltola-loistaa-kentalla-ja-sen-ulkopuolella-u21-tahti-herattaa-huomiota-johtajuudellaan-ja-huippukunnossa-olevalla-ihollaan\/"},"modified":"2025-06-21T05:02:24","modified_gmt":"2025-06-21T05:02:24","slug":"matti-peltola-loistaa-kentalla-ja-sen-ulkopuolella-u21-tahti-herattaa-huomiota-johtajuudellaan-ja-huippukunnossa-olevalla-ihollaan","status":"publish","type":"post","link":"https:\/\/sportotto.com\/fi\/uutiset\/matti-peltola-loistaa-kentalla-ja-sen-ulkopuolella-u21-tahti-herattaa-huomiota-johtajuudellaan-ja-huippukunnossa-olevalla-ihollaan\/","title":{"rendered":"Matti Peltola loistaa kent\u00e4ll\u00e4 ja sen ulkopuolella \u2013 U21-t\u00e4hti her\u00e4tt\u00e4\u00e4 huomiota johtajuudellaan ja huippukunnossa olevalla ihollaan"},"content":{"rendered":"<h1>Matti Peltola loistaa kent\u00e4ll\u00e4 ja sen ulkopuolella \u2013 U21-t\u00e4hti her\u00e4tt\u00e4\u00e4 huomiota johtajuudellaan ja huippukunnossa olevalla ihollaan<\/h1>\n<p>Matti Peltola asteli Ko\u0161icen vanhan kaupungin kujilla ehk\u00e4 vain hakemaan v\u00e4h\u00e4n ilmaa, ehk\u00e4 juomaan rauhassa kupin kahvia \u2013 eik\u00e4 arvannut, ett\u00e4 joutuisi yht\u00e4kki\u00e4 vastaamaan pelin ulkopuolisiin &#8221;kovempiin&#8221; kysymyksiin. Nimitt\u00e4in: \u201cHei Matti, miten ihmeess\u00e4 sun iho on noin hyv\u00e4ss\u00e4 kunnossa?\u201d<\/p>\n<p>Kyll\u00e4, <strong>iho<\/strong>. Ei pelin\u00e4kemys tai pelipaikka vaan puhdas, s\u00e4teilev\u00e4 iho. Kyseess\u00e4 oli suomalaiskannattaja, joka oli tullut katsomaan alle 21-vuotiaiden EM-kisoja \u2013 ja Peltolan kasvonhoitorutiineista tuli yll\u00e4tt\u00e4en p\u00e4iv\u00e4n polttava puheenaihe.<\/p>\n<p>\u201dJoku tuli heitt\u00e4m\u00e4\u00e4n, ett\u00e4 iho n\u00e4ytt\u00e4\u00e4 hyv\u00e4lt\u00e4 ja kysyi, mit\u00e4 sille teen. Sanoin, ett\u00e4 pikkusiskolta tullut vinkkej\u00e4, mutta kyll\u00e4 h\u00e4n ne hommat oikeasti paremmin hallitsee,\u201d Peltola nauroi Yle Urheilulle.<\/p>\n<p>Koominen hetki kertoi paljon: <strong>kent\u00e4n ulkopuolella Peltola osaa nauraa itselleen<\/strong>. Mutta kent\u00e4ll\u00e4 \u2013 h\u00e4n on kaikkea muuta kuin kevytmielinen pelleilij\u00e4. H\u00e4n tuli mukaan Pikkuhuuhkajiin suoraan A-maajoukkueen riveist\u00e4, jossa oli juuri pelannut t\u00e4ydet minuutit voitto-ottelussa Puolaa vastaan. T\u00e4m\u00e4n EM-turnauksen alla h\u00e4n ei tullut pelk\u00e4st\u00e4\u00e4n vahvistamaan, vaan tuomaan vakautta ja johtajuutta joukkueeseen.<\/p>\n<h2>Johtajuutta ja kokeneisuutta nuorelle joukkueelle<\/h2>\n<p>&#8221;Melkein jokaisen pelaajan olen jo aiemmin tavannut, ja suurimman osan kanssa olen pelannutkin. Joukkueessa on tosi hyv\u00e4 fiilis ja huumoria riitt\u00e4\u00e4, niin mukaan tuleminen oli helppoa,&#8221; Peltola sanoo.<\/p>\n<p>Paljon puhuvaa on my\u00f6s joukkuetoveri Kalle Walliuksen huomio:<\/p>\n<blockquote><p>\u201dMatissa on kapteenin tuntua, vaikka h\u00e4n ei ole ollut meill\u00e4 niin usein. H\u00e4n solahti heti porukkaan sis\u00e4\u00e4n.\u201d<\/p><\/blockquote>\n<p>Taktiikan ja l\u00e4sn\u00e4olon lis\u00e4ksi Peltola tuo nuorelle ryhm\u00e4lle ripauksen <strong>kokemusta<\/strong>. Pelaamisen monipuolisuus on h\u00e4nen valttinsa; A-maajoukkueessa h\u00e4n on jo vakionaama, ja nyt nuorempien joukossa h\u00e4nest\u00e4 odotetaan puolustuksen lukkoa topparin paikalla. Valmentaja Mika Lehkosuon visio on selke\u00e4, ja Peltola vastaa siihen luotettavuudella.<\/p>\n<h2>Tiukka aikataulu \u2013 v\u00e4hemm\u00e4n lepoa, enemm\u00e4n vastuuta<\/h2>\n<p>Mutta palataan hetkeksi h\u00e4nen aikatauluunsa \u2013 mik\u00e4 ei ole kevyest\u00e4 p\u00e4\u00e4st\u00e4:<\/p>\n<ul>\n<li><strong>Tiistai:<\/strong> A-maajoukkue voitolla Puolasta (2\u20131).<\/li>\n<li><strong>Keskiviikko:<\/strong> Uneksi muutama tunti, hypp\u00e4\u00e4 lentokoneeseen ja matkusta Ko\u0161iceen.<\/li>\n<li><strong>Torstai:<\/strong> Fanien tapaamista paikallisessa pubissa ja fiiliksen nostoa ennen EM-avauksia.<\/li>\n<\/ul>\n<p>Ja EM-avauksen? Peltola ei ehtinyt pelata, sill\u00e4 UEFA:n s\u00e4\u00e4nt\u00f6jen mukaan pelaajan t\u00e4ytyy saada kaksi lepop\u00e4iv\u00e4\u00e4 otteluiden v\u00e4liss\u00e4. <strong>Hollantia vastaan pelattu tasapeli (2\u20132)<\/strong> j\u00e4i siis h\u00e4nen osaltaan katsomokokemukseksi.<\/p>\n<h2>Kohti kohtalokasta Ukraina-ottelua<\/h2>\n<p>Kaikki kuitenkin t\u00e4ht\u00e4\u00e4 nyt sunnuntai-iltaan. Vastassa on <strong>Ukraina<\/strong> \u2013 joukkue, joka ei yksinkertaisesti voi h\u00e4vit\u00e4 toista ottelua. Tanskalle k\u00e4rsitty tappio (2\u20133) tarkoittaa, ett\u00e4 Ukrainalle t\u00e4m\u00e4 peli on kohtalon paikka. Ko\u0161icen ja Ukrainan rajan v\u00e4linen 80 kilometri\u00e4 tekee ottelusta entist\u00e4 latautuneemman.<\/p>\n<p>Peltola my\u00f6nt\u00e4\u00e4, ett\u00e4 maailman tilanne koskettaa, vaikka kent\u00e4ll\u00e4 pyrit\u00e4\u00e4n keskittym\u00e4\u00e4n olennaiseen. \u201dMenn\u00e4\u00e4n futiksen ehdoilla, mutta kyll\u00e4h\u00e4n se tilanne siell\u00e4 jollain tavalla on mieless\u00e4.\u201d<\/p>\n<h2>Lohkotilanne \u2013 suomalaisten j\u00e4nnitysn\u00e4ytelm\u00e4<\/h2>\n<p>Me suomalaiset seuraamme lohkotilannetta henke\u00e4 pid\u00e4tellen:<\/p>\n<ul>\n<li><strong>To 12.6:<\/strong> Suomi \u2013 Hollanti 2\u20132<\/li>\n<li><strong>Su 15.6:<\/strong> Suomi \u2013 Ukraina<\/li>\n<li><strong>Ke 18.6:<\/strong> Tanska \u2013 Suomi<\/li>\n<\/ul>\n<p>Kaksi parasta menee puoliv\u00e4lieriin \u2013 ja Suomelle, joka on vasta toista kertaa historian saatossa mukana U21-EM-turnauksessa, jatkoon p\u00e4\u00e4sy olisi jo <strong>melkoinen luku historiankirjoihin<\/strong>.<\/p>\n<h2>Tulevaisuuden johtaja \u2013 kent\u00e4ll\u00e4 ja sen ulkopuolella<\/h2>\n<p>Matti Peltola kantaa harteillaan paljon. Jo nyt, alle 21-vuotiaana, h\u00e4nest\u00e4 puhutaan tulevana kapteenina Huuhkajissa. H\u00e4nen pelityylins\u00e4 on <strong>vakaan varma, teknisesti kyps\u00e4 ja taktisesti viisas<\/strong>. Kent\u00e4n ulkopuolella h\u00e4n on helposti l\u00e4hestytt\u00e4v\u00e4, l\u00e4mminhenkinen kaveri \u2013 ihonhoitovinkkeineen p\u00e4ivineen.<\/p>\n<p>J\u00e4ljell\u00e4 on viel\u00e4 monta peli\u00e4 ja monta tarinaa. Mutta t\u00e4st\u00e4 tarinasta on helppo pit\u00e4\u00e4: suomalainen nuori huipputalentti, joka pit\u00e4\u00e4 p\u00e4\u00e4n kylm\u00e4n\u00e4, ihon puhtaana \u2013 ja pelin hallussa.<\/p>\n<p><strong>Ent\u00e4 sin\u00e4?<\/strong> N\u00e4etk\u00f6 Matti Peltolan tulevaisuuden Huuhkajien kapteenina? Jaa ajatuksesi!<\/p>\n","protected":false},"excerpt":{"rendered":"<p>Matti Peltola loistaa kent\u00e4ll\u00e4 ja sen ulkopuolella \u2013 U21-t\u00e4hti her\u00e4tt\u00e4\u00e4 huomiota johtajuudellaan ja huippukunnossa olevalla ihollaan Matti Peltola asteli Ko\u0161icen&#8230;<\/p>\n","protected":false},"author":7,"featured_media":852,"comment_status":"open","ping_status":"open","sticky":false,"template":"","format":"standard","meta":{"_acf_changed":false,"footnotes":""},"categories":[37],"tags":[],"class_list":["post-856","post","type-post","status-publish","format-standard","has-post-thumbnail","hentry","category-uutiset"],"acf":[],"yoast_head":"<!-- This site is optimized with the Yoast SEO plugin v27.4 - https:\/\/yoast.com\/product\/yoast-seo-wordpress\/ -->\n<title>Matti Peltola loistaa kent\u00e4ll\u00e4 ja sen ulkopuolella \u2013 U21-t\u00e4hti her\u00e4tt\u00e4\u00e4 huomiota johtajuudellaan ja huippukunnossa olevalla ihollaan - Sportotto.com<\/title>\n<meta name=\"robots\" content=\"index, follow, max-snippet:-1, max-image-preview:large, max-video-preview:-1\" \/>\n<link rel=\"canonical\" href=\"https:\/\/sportotto.com\/fi\/uutiset\/matti-peltola-loistaa-kentalla-ja-sen-ulkopuolella-u21-tahti-herattaa-huomiota-johtajuudellaan-ja-huippukunnossa-olevalla-ihollaan\/\" \/>\n<meta property=\"og:locale\" content=\"fi_FI\" \/>\n<meta property=\"og:type\" content=\"article\" \/>\n<meta property=\"og:title\" content=\"Matti Peltola loistaa kent\u00e4ll\u00e4 ja sen ulkopuolella \u2013 U21-t\u00e4hti her\u00e4tt\u00e4\u00e4 huomiota johtajuudellaan ja huippukunnossa olevalla ihollaan - Sportotto.com\" \/>\n<meta property=\"og:description\" content=\"Matti Peltola loistaa kent\u00e4ll\u00e4 ja sen ulkopuolella \u2013 U21-t\u00e4hti her\u00e4tt\u00e4\u00e4 huomiota johtajuudellaan ja huippukunnossa olevalla ihollaan Matti Peltola asteli Ko\u0161icen...\" \/>\n<meta property=\"og:url\" content=\"https:\/\/sportotto.com\/fi\/uutiset\/matti-peltola-loistaa-kentalla-ja-sen-ulkopuolella-u21-tahti-herattaa-huomiota-johtajuudellaan-ja-huippukunnossa-olevalla-ihollaan\/\" \/>\n<meta property=\"og:site_name\" content=\"Sportotto.com\" \/>\n<meta property=\"article:published_time\" content=\"2025-06-21T05:02:24+00:00\" \/>\n<meta name=\"author\" content=\"Linus Jung\" \/>\n<meta name=\"twitter:card\" content=\"summary_large_image\" \/>\n<meta name=\"twitter:label1\" content=\"Kirjoittanut\" \/>\n\t<meta name=\"twitter:data1\" content=\"Linus Jung\" \/>\n\t<meta name=\"twitter:label2\" content=\"Arvioitu lukuaika\" \/>\n\t<meta name=\"twitter:data2\" content=\"3 minuuttia\" \/>\n<script type=\"application\/ld+json\" class=\"yoast-schema-graph\">{\"@context\":\"https:\\\/\\\/schema.org\",\"@graph\":[{\"@type\":\"Article\",\"@id\":\"https:\\\/\\\/sportotto.com\\\/fi\\\/uutiset\\\/matti-peltola-loistaa-kentalla-ja-sen-ulkopuolella-u21-tahti-herattaa-huomiota-johtajuudellaan-ja-huippukunnossa-olevalla-ihollaan\\\/#article\",\"isPartOf\":{\"@id\":\"https:\\\/\\\/sportotto.com\\\/fi\\\/uutiset\\\/matti-peltola-loistaa-kentalla-ja-sen-ulkopuolella-u21-tahti-herattaa-huomiota-johtajuudellaan-ja-huippukunnossa-olevalla-ihollaan\\\/\"},\"author\":{\"name\":\"Linus Jung\",\"@id\":\"https:\\\/\\\/sportotto.com\\\/fi\\\/#\\\/schema\\\/person\\\/4e717e9d5e7dc8a9563d831e8eff4281\"},\"headline\":\"Matti Peltola loistaa kent\u00e4ll\u00e4 ja sen ulkopuolella \u2013 U21-t\u00e4hti her\u00e4tt\u00e4\u00e4 huomiota johtajuudellaan ja huippukunnossa olevalla ihollaan\",\"datePublished\":\"2025-06-21T05:02:24+00:00\",\"mainEntityOfPage\":{\"@id\":\"https:\\\/\\\/sportotto.com\\\/fi\\\/uutiset\\\/matti-peltola-loistaa-kentalla-ja-sen-ulkopuolella-u21-tahti-herattaa-huomiota-johtajuudellaan-ja-huippukunnossa-olevalla-ihollaan\\\/\"},\"wordCount\":610,\"commentCount\":0,\"image\":{\"@id\":\"https:\\\/\\\/sportotto.com\\\/fi\\\/uutiset\\\/matti-peltola-loistaa-kentalla-ja-sen-ulkopuolella-u21-tahti-herattaa-huomiota-johtajuudellaan-ja-huippukunnossa-olevalla-ihollaan\\\/#primaryimage\"},\"thumbnailUrl\":\"https:\\\/\\\/sportotto.com\\\/wp-content\\\/uploads\\\/2025\\\/06\\\/Matti20Peltola20loistaa20kentC3A4llC3A420ja20sen20ulkopuolella20E2809320U21-tC3A4hti20herC3A4ttC3A4C3A420huomiota20johtajuudellaan20ja20huippukunnossa20olevalla20ihollaan-2025-06-21T053A023A14.170Z.jpg\",\"articleSection\":[\"Uutiset\"],\"inLanguage\":\"fi\",\"potentialAction\":[{\"@type\":\"CommentAction\",\"name\":\"Comment\",\"target\":[\"https:\\\/\\\/sportotto.com\\\/fi\\\/uutiset\\\/matti-peltola-loistaa-kentalla-ja-sen-ulkopuolella-u21-tahti-herattaa-huomiota-johtajuudellaan-ja-huippukunnossa-olevalla-ihollaan\\\/#respond\"]}]},{\"@type\":\"WebPage\",\"@id\":\"https:\\\/\\\/sportotto.com\\\/fi\\\/uutiset\\\/matti-peltola-loistaa-kentalla-ja-sen-ulkopuolella-u21-tahti-herattaa-huomiota-johtajuudellaan-ja-huippukunnossa-olevalla-ihollaan\\\/\",\"url\":\"https:\\\/\\\/sportotto.com\\\/fi\\\/uutiset\\\/matti-peltola-loistaa-kentalla-ja-sen-ulkopuolella-u21-tahti-herattaa-huomiota-johtajuudellaan-ja-huippukunnossa-olevalla-ihollaan\\\/\",\"name\":\"Matti Peltola loistaa kent\u00e4ll\u00e4 ja sen ulkopuolella \u2013 U21-t\u00e4hti her\u00e4tt\u00e4\u00e4 huomiota johtajuudellaan ja huippukunnossa olevalla ihollaan - Sportotto.com\",\"isPartOf\":{\"@id\":\"https:\\\/\\\/sportotto.com\\\/fi\\\/#website\"},\"primaryImageOfPage\":{\"@id\":\"https:\\\/\\\/sportotto.com\\\/fi\\\/uutiset\\\/matti-peltola-loistaa-kentalla-ja-sen-ulkopuolella-u21-tahti-herattaa-huomiota-johtajuudellaan-ja-huippukunnossa-olevalla-ihollaan\\\/#primaryimage\"},\"image\":{\"@id\":\"https:\\\/\\\/sportotto.com\\\/fi\\\/uutiset\\\/matti-peltola-loistaa-kentalla-ja-sen-ulkopuolella-u21-tahti-herattaa-huomiota-johtajuudellaan-ja-huippukunnossa-olevalla-ihollaan\\\/#primaryimage\"},\"thumbnailUrl\":\"https:\\\/\\\/sportotto.com\\\/wp-content\\\/uploads\\\/2025\\\/06\\\/Matti20Peltola20loistaa20kentC3A4llC3A420ja20sen20ulkopuolella20E2809320U21-tC3A4hti20herC3A4ttC3A4C3A420huomiota20johtajuudellaan20ja20huippukunnossa20olevalla20ihollaan-2025-06-21T053A023A14.170Z.jpg\",\"datePublished\":\"2025-06-21T05:02:24+00:00\",\"author\":{\"@id\":\"https:\\\/\\\/sportotto.com\\\/fi\\\/#\\\/schema\\\/person\\\/4e717e9d5e7dc8a9563d831e8eff4281\"},\"breadcrumb\":{\"@id\":\"https:\\\/\\\/sportotto.com\\\/fi\\\/uutiset\\\/matti-peltola-loistaa-kentalla-ja-sen-ulkopuolella-u21-tahti-herattaa-huomiota-johtajuudellaan-ja-huippukunnossa-olevalla-ihollaan\\\/#breadcrumb\"},\"inLanguage\":\"fi\",\"potentialAction\":[{\"@type\":\"ReadAction\",\"target\":[\"https:\\\/\\\/sportotto.com\\\/fi\\\/uutiset\\\/matti-peltola-loistaa-kentalla-ja-sen-ulkopuolella-u21-tahti-herattaa-huomiota-johtajuudellaan-ja-huippukunnossa-olevalla-ihollaan\\\/\"]}]},{\"@type\":\"ImageObject\",\"inLanguage\":\"fi\",\"@id\":\"https:\\\/\\\/sportotto.com\\\/fi\\\/uutiset\\\/matti-peltola-loistaa-kentalla-ja-sen-ulkopuolella-u21-tahti-herattaa-huomiota-johtajuudellaan-ja-huippukunnossa-olevalla-ihollaan\\\/#primaryimage\",\"url\":\"https:\\\/\\\/sportotto.com\\\/wp-content\\\/uploads\\\/2025\\\/06\\\/Matti20Peltola20loistaa20kentC3A4llC3A420ja20sen20ulkopuolella20E2809320U21-tC3A4hti20herC3A4ttC3A4C3A420huomiota20johtajuudellaan20ja20huippukunnossa20olevalla20ihollaan-2025-06-21T053A023A14.170Z.jpg\",\"contentUrl\":\"https:\\\/\\\/sportotto.com\\\/wp-content\\\/uploads\\\/2025\\\/06\\\/Matti20Peltola20loistaa20kentC3A4llC3A420ja20sen20ulkopuolella20E2809320U21-tC3A4hti20herC3A4ttC3A4C3A420huomiota20johtajuudellaan20ja20huippukunnossa20olevalla20ihollaan-2025-06-21T053A023A14.170Z.jpg\",\"width\":1024,\"height\":1536},{\"@type\":\"BreadcrumbList\",\"@id\":\"https:\\\/\\\/sportotto.com\\\/fi\\\/uutiset\\\/matti-peltola-loistaa-kentalla-ja-sen-ulkopuolella-u21-tahti-herattaa-huomiota-johtajuudellaan-ja-huippukunnossa-olevalla-ihollaan\\\/#breadcrumb\",\"itemListElement\":[{\"@type\":\"ListItem\",\"position\":1,\"name\":\"Sportotto\",\"item\":\"https:\\\/\\\/sportotto.com\\\/fi\\\/\"},{\"@type\":\"ListItem\",\"position\":2,\"name\":\"Okategoriserad\",\"item\":\"https:\\\/\\\/sportotto.com\\\/cl\\\/okategoriserad\\\/\"},{\"@type\":\"ListItem\",\"position\":3,\"name\":\"Matti Peltola loistaa kent\u00e4ll\u00e4 ja sen ulkopuolella \u2013 U21-t\u00e4hti her\u00e4tt\u00e4\u00e4 huomiota johtajuudellaan ja huippukunnossa olevalla ihollaan\"}]},{\"@type\":\"WebSite\",\"@id\":\"https:\\\/\\\/sportotto.com\\\/fi\\\/#website\",\"url\":\"https:\\\/\\\/sportotto.com\\\/fi\\\/\",\"name\":\"Sportotto.com\",\"description\":\"All about sports betting!\",\"potentialAction\":[{\"@type\":\"SearchAction\",\"target\":{\"@type\":\"EntryPoint\",\"urlTemplate\":\"https:\\\/\\\/sportotto.com\\\/fi\\\/?s={search_term_string}\"},\"query-input\":{\"@type\":\"PropertyValueSpecification\",\"valueRequired\":true,\"valueName\":\"search_term_string\"}}],\"inLanguage\":\"fi\"},{\"@type\":\"Person\",\"@id\":\"https:\\\/\\\/sportotto.com\\\/fi\\\/#\\\/schema\\\/person\\\/4e717e9d5e7dc8a9563d831e8eff4281\",\"name\":\"Linus Jung\",\"image\":{\"@type\":\"ImageObject\",\"inLanguage\":\"fi\",\"@id\":\"https:\\\/\\\/secure.gravatar.com\\\/avatar\\\/eca1d2df4eae3f7495ac24b159d8abf4d4d395492b5e7c4c934e1b65646f8db3?s=96&d=mm&r=g\",\"url\":\"https:\\\/\\\/secure.gravatar.com\\\/avatar\\\/eca1d2df4eae3f7495ac24b159d8abf4d4d395492b5e7c4c934e1b65646f8db3?s=96&d=mm&r=g\",\"contentUrl\":\"https:\\\/\\\/secure.gravatar.com\\\/avatar\\\/eca1d2df4eae3f7495ac24b159d8abf4d4d395492b5e7c4c934e1b65646f8db3?s=96&d=mm&r=g\",\"caption\":\"Linus Jung\"}}]}<\/script>\n<!-- \/ Yoast SEO plugin. -->","yoast_head_json":{"title":"Matti Peltola loistaa kent\u00e4ll\u00e4 ja sen ulkopuolella \u2013 U21-t\u00e4hti her\u00e4tt\u00e4\u00e4 huomiota johtajuudellaan ja huippukunnossa olevalla ihollaan - Sportotto.com","robots":{"index":"index","follow":"follow","max-snippet":"max-snippet:-1","max-image-preview":"max-image-preview:large","max-video-preview":"max-video-preview:-1"},"canonical":"https:\/\/sportotto.com\/fi\/uutiset\/matti-peltola-loistaa-kentalla-ja-sen-ulkopuolella-u21-tahti-herattaa-huomiota-johtajuudellaan-ja-huippukunnossa-olevalla-ihollaan\/","og_locale":"fi_FI","og_type":"article","og_title":"Matti Peltola loistaa kent\u00e4ll\u00e4 ja sen ulkopuolella \u2013 U21-t\u00e4hti her\u00e4tt\u00e4\u00e4 huomiota johtajuudellaan ja huippukunnossa olevalla ihollaan - Sportotto.com","og_description":"Matti Peltola loistaa kent\u00e4ll\u00e4 ja sen ulkopuolella \u2013 U21-t\u00e4hti her\u00e4tt\u00e4\u00e4 huomiota johtajuudellaan ja huippukunnossa olevalla ihollaan Matti Peltola asteli Ko\u0161icen...","og_url":"https:\/\/sportotto.com\/fi\/uutiset\/matti-peltola-loistaa-kentalla-ja-sen-ulkopuolella-u21-tahti-herattaa-huomiota-johtajuudellaan-ja-huippukunnossa-olevalla-ihollaan\/","og_site_name":"Sportotto.com","article_published_time":"2025-06-21T05:02:24+00:00","author":"Linus Jung","twitter_card":"summary_large_image","twitter_misc":{"Kirjoittanut":"Linus Jung","Arvioitu lukuaika":"3 minuuttia"},"schema":{"@context":"https:\/\/schema.org","@graph":[{"@type":"Article","@id":"https:\/\/sportotto.com\/fi\/uutiset\/matti-peltola-loistaa-kentalla-ja-sen-ulkopuolella-u21-tahti-herattaa-huomiota-johtajuudellaan-ja-huippukunnossa-olevalla-ihollaan\/#article","isPartOf":{"@id":"https:\/\/sportotto.com\/fi\/uutiset\/matti-peltola-loistaa-kentalla-ja-sen-ulkopuolella-u21-tahti-herattaa-huomiota-johtajuudellaan-ja-huippukunnossa-olevalla-ihollaan\/"},"author":{"name":"Linus Jung","@id":"https:\/\/sportotto.com\/fi\/#\/schema\/person\/4e717e9d5e7dc8a9563d831e8eff4281"},"headline":"Matti Peltola loistaa kent\u00e4ll\u00e4 ja sen ulkopuolella \u2013 U21-t\u00e4hti her\u00e4tt\u00e4\u00e4 huomiota johtajuudellaan ja huippukunnossa olevalla ihollaan","datePublished":"2025-06-21T05:02:24+00:00","mainEntityOfPage":{"@id":"https:\/\/sportotto.com\/fi\/uutiset\/matti-peltola-loistaa-kentalla-ja-sen-ulkopuolella-u21-tahti-herattaa-huomiota-johtajuudellaan-ja-huippukunnossa-olevalla-ihollaan\/"},"wordCount":610,"commentCount":0,"image":{"@id":"https:\/\/sportotto.com\/fi\/uutiset\/matti-peltola-loistaa-kentalla-ja-sen-ulkopuolella-u21-tahti-herattaa-huomiota-johtajuudellaan-ja-huippukunnossa-olevalla-ihollaan\/#primaryimage"},"thumbnailUrl":"https:\/\/sportotto.com\/wp-content\/uploads\/2025\/06\/Matti20Peltola20loistaa20kentC3A4llC3A420ja20sen20ulkopuolella20E2809320U21-tC3A4hti20herC3A4ttC3A4C3A420huomiota20johtajuudellaan20ja20huippukunnossa20olevalla20ihollaan-2025-06-21T053A023A14.170Z.jpg","articleSection":["Uutiset"],"inLanguage":"fi","potentialAction":[{"@type":"CommentAction","name":"Comment","target":["https:\/\/sportotto.com\/fi\/uutiset\/matti-peltola-loistaa-kentalla-ja-sen-ulkopuolella-u21-tahti-herattaa-huomiota-johtajuudellaan-ja-huippukunnossa-olevalla-ihollaan\/#respond"]}]},{"@type":"WebPage","@id":"https:\/\/sportotto.com\/fi\/uutiset\/matti-peltola-loistaa-kentalla-ja-sen-ulkopuolella-u21-tahti-herattaa-huomiota-johtajuudellaan-ja-huippukunnossa-olevalla-ihollaan\/","url":"https:\/\/sportotto.com\/fi\/uutiset\/matti-peltola-loistaa-kentalla-ja-sen-ulkopuolella-u21-tahti-herattaa-huomiota-johtajuudellaan-ja-huippukunnossa-olevalla-ihollaan\/","name":"Matti Peltola loistaa kent\u00e4ll\u00e4 ja sen ulkopuolella \u2013 U21-t\u00e4hti her\u00e4tt\u00e4\u00e4 huomiota johtajuudellaan ja huippukunnossa olevalla ihollaan - Sportotto.com","isPartOf":{"@id":"https:\/\/sportotto.com\/fi\/#website"},"primaryImageOfPage":{"@id":"https:\/\/sportotto.com\/fi\/uutiset\/matti-peltola-loistaa-kentalla-ja-sen-ulkopuolella-u21-tahti-herattaa-huomiota-johtajuudellaan-ja-huippukunnossa-olevalla-ihollaan\/#primaryimage"},"image":{"@id":"https:\/\/sportotto.com\/fi\/uutiset\/matti-peltola-loistaa-kentalla-ja-sen-ulkopuolella-u21-tahti-herattaa-huomiota-johtajuudellaan-ja-huippukunnossa-olevalla-ihollaan\/#primaryimage"},"thumbnailUrl":"https:\/\/sportotto.com\/wp-content\/uploads\/2025\/06\/Matti20Peltola20loistaa20kentC3A4llC3A420ja20sen20ulkopuolella20E2809320U21-tC3A4hti20herC3A4ttC3A4C3A420huomiota20johtajuudellaan20ja20huippukunnossa20olevalla20ihollaan-2025-06-21T053A023A14.170Z.jpg","datePublished":"2025-06-21T05:02:24+00:00","author":{"@id":"https:\/\/sportotto.com\/fi\/#\/schema\/person\/4e717e9d5e7dc8a9563d831e8eff4281"},"breadcrumb":{"@id":"https:\/\/sportotto.com\/fi\/uutiset\/matti-peltola-loistaa-kentalla-ja-sen-ulkopuolella-u21-tahti-herattaa-huomiota-johtajuudellaan-ja-huippukunnossa-olevalla-ihollaan\/#breadcrumb"},"inLanguage":"fi","potentialAction":[{"@type":"ReadAction","target":["https:\/\/sportotto.com\/fi\/uutiset\/matti-peltola-loistaa-kentalla-ja-sen-ulkopuolella-u21-tahti-herattaa-huomiota-johtajuudellaan-ja-huippukunnossa-olevalla-ihollaan\/"]}]},{"@type":"ImageObject","inLanguage":"fi","@id":"https:\/\/sportotto.com\/fi\/uutiset\/matti-peltola-loistaa-kentalla-ja-sen-ulkopuolella-u21-tahti-herattaa-huomiota-johtajuudellaan-ja-huippukunnossa-olevalla-ihollaan\/#primaryimage","url":"https:\/\/sportotto.com\/wp-content\/uploads\/2025\/06\/Matti20Peltola20loistaa20kentC3A4llC3A420ja20sen20ulkopuolella20E2809320U21-tC3A4hti20herC3A4ttC3A4C3A420huomiota20johtajuudellaan20ja20huippukunnossa20olevalla20ihollaan-2025-06-21T053A023A14.170Z.jpg","contentUrl":"https:\/\/sportotto.com\/wp-content\/uploads\/2025\/06\/Matti20Peltola20loistaa20kentC3A4llC3A420ja20sen20ulkopuolella20E2809320U21-tC3A4hti20herC3A4ttC3A4C3A420huomiota20johtajuudellaan20ja20huippukunnossa20olevalla20ihollaan-2025-06-21T053A023A14.170Z.jpg","width":1024,"height":1536},{"@type":"BreadcrumbList","@id":"https:\/\/sportotto.com\/fi\/uutiset\/matti-peltola-loistaa-kentalla-ja-sen-ulkopuolella-u21-tahti-herattaa-huomiota-johtajuudellaan-ja-huippukunnossa-olevalla-ihollaan\/#breadcrumb","itemListElement":[{"@type":"ListItem","position":1,"name":"Sportotto","item":"https:\/\/sportotto.com\/fi\/"},{"@type":"ListItem","position":2,"name":"Okategoriserad","item":"https:\/\/sportotto.com\/cl\/okategoriserad\/"},{"@type":"ListItem","position":3,"name":"Matti Peltola loistaa kent\u00e4ll\u00e4 ja sen ulkopuolella \u2013 U21-t\u00e4hti her\u00e4tt\u00e4\u00e4 huomiota johtajuudellaan ja huippukunnossa olevalla ihollaan"}]},{"@type":"WebSite","@id":"https:\/\/sportotto.com\/fi\/#website","url":"https:\/\/sportotto.com\/fi\/","name":"Sportotto.com","description":"All about sports betting!","potentialAction":[{"@type":"SearchAction","target":{"@type":"EntryPoint","urlTemplate":"https:\/\/sportotto.com\/fi\/?s={search_term_string}"},"query-input":{"@type":"PropertyValueSpecification","valueRequired":true,"valueName":"search_term_string"}}],"inLanguage":"fi"},{"@type":"Person","@id":"https:\/\/sportotto.com\/fi\/#\/schema\/person\/4e717e9d5e7dc8a9563d831e8eff4281","name":"Linus Jung","image":{"@type":"ImageObject","inLanguage":"fi","@id":"https:\/\/secure.gravatar.com\/avatar\/eca1d2df4eae3f7495ac24b159d8abf4d4d395492b5e7c4c934e1b65646f8db3?s=96&d=mm&r=g","url":"https:\/\/secure.gravatar.com\/avatar\/eca1d2df4eae3f7495ac24b159d8abf4d4d395492b5e7c4c934e1b65646f8db3?s=96&d=mm&r=g","contentUrl":"https:\/\/secure.gravatar.com\/avatar\/eca1d2df4eae3f7495ac24b159d8abf4d4d395492b5e7c4c934e1b65646f8db3?s=96&d=mm&r=g","caption":"Linus Jung"}}]}},"_links":{"self":[{"href":"https:\/\/sportotto.com\/fi\/wp-json\/wp\/v2\/posts\/856","targetHints":{"allow":["GET"]}}],"collection":[{"href":"https:\/\/sportotto.com\/fi\/wp-json\/wp\/v2\/posts"}],"about":[{"href":"https:\/\/sportotto.com\/fi\/wp-json\/wp\/v2\/types\/post"}],"author":[{"embeddable":true,"href":"https:\/\/sportotto.com\/fi\/wp-json\/wp\/v2\/users\/7"}],"replies":[{"embeddable":true,"href":"https:\/\/sportotto.com\/fi\/wp-json\/wp\/v2\/comments?post=856"}],"version-history":[{"count":0,"href":"https:\/\/sportotto.com\/fi\/wp-json\/wp\/v2\/posts\/856\/revisions"}],"wp:featuredmedia":[{"embeddable":true,"href":"https:\/\/sportotto.com\/fi\/wp-json\/wp\/v2\/media\/852"}],"wp:attachment":[{"href":"https:\/\/sportotto.com\/fi\/wp-json\/wp\/v2\/media?parent=856"}],"wp:term":[{"taxonomy":"category","embeddable":true,"href":"https:\/\/sportotto.com\/fi\/wp-json\/wp\/v2\/categories?post=856"},{"taxonomy":"post_tag","embeddable":true,"href":"https:\/\/sportotto.com\/fi\/wp-json\/wp\/v2\/tags?post=856"}],"curies":[{"name":"wp","href":"https:\/\/api.w.org\/{rel}","templated":true}]}}