{"id":871,"date":"2025-06-24T05:02:42","date_gmt":"2025-06-24T05:02:42","guid":{"rendered":"https:\/\/sportotto.com\/okategoriserad\/saga-andersson-loisti-seivashypyssa-em-joukkuekisassa-taistelu-olympiapaikasta-jatkuu\/"},"modified":"2025-06-24T05:02:42","modified_gmt":"2025-06-24T05:02:42","slug":"saga-andersson-loisti-seivashypyssa-em-joukkuekisassa-taistelu-olympiapaikasta-jatkuu","status":"publish","type":"post","link":"https:\/\/sportotto.com\/fi\/uutiset\/saga-andersson-loisti-seivashypyssa-em-joukkuekisassa-taistelu-olympiapaikasta-jatkuu\/","title":{"rendered":"Saga Andersson loisti seiv\u00e4shypyss\u00e4 EM-joukkuekisassa \u2013 taistelu olympiapaikasta jatkuu"},"content":{"rendered":"<h1>Saga Andersson loisti seiv\u00e4shypyss\u00e4 EM-joukkuekisassa \u2013 taistelu olympiapaikasta jatkuu<\/h1>\n<p>Suomen <strong>Saga Andersson<\/strong> taisteli vahvasti viikonloppuna k\u00e4ydyiss\u00e4 yleisurheilun EM-joukkuekilpailuissa Puolan Bydgoszczissa, sijoittuen seiv\u00e4shypyss\u00e4 yhdeks\u00e4nneksi tuloksella 4,20. Vaikka tulos ei riitt\u00e4nyt palkintokorokkeelle, se toi Suomelle arvokkaat pisteet ja osoitti j\u00e4lleen Anderssonin aseman yhten\u00e4 maan huipuista.<\/p>\n<h2>Vahvaa tekemist\u00e4 kansainv\u00e4lisess\u00e4 seurassa<\/h2>\n<p>22-vuotias helsinkil\u00e4inen aloitti kilpailun varmoilla suorituksilla \u2013 rima ylittyi korkeuksissa 4,10 ja 4,20 heti ensimm\u00e4isell\u00e4 yrityksell\u00e4. Vaikka 4,30 j\u00e4i t\u00e4ll\u00e4 kertaa ylitt\u00e4m\u00e4tt\u00e4, Andersson osoitti teknist\u00e4 tarkkuutta ja kilpailukest\u00e4vyytt\u00e4 kovatasoisessa kent\u00e4ss\u00e4.<\/p>\n<p>Kilpailun selv\u00e4 voittaja oli Slovenian kokenut <strong>Tina \u0160utej<\/strong>, joka ylitti 4,60. Toinen ja kolmas sija meniv\u00e4t Italian Elisa Molinarololle (4,50) ja Ukrainan Maryna Kylypkolle (4,40).<\/p>\n<h2>Suomen paras sijoitus vuosiin<\/h2>\n<p>Anderssonin yhdeks\u00e4s sija oli Suomen paras naisten seiv\u00e4shyppytulos EM-joukkuekisassa useaan vuoteen. T\u00e4m\u00e4 kertoo lajin tasaisesta kehityksest\u00e4 Suomessa \u2013 vaikka eurooppalaiset huiput viel\u00e4 vaativatkin korkeampia tuloksia, suunta on oikea.<\/p>\n<h2>Jokainen piste on t\u00e4rke\u00e4<\/h2>\n<p>EM-joukkuekilpailussa jokainen urheilijan sijoitus muuttuu joukkuepisteiksi. Anderssonin <strong>nelj\u00e4 pistett\u00e4<\/strong> olivat merkitt\u00e4v\u00e4 lis\u00e4 Suomelle, joka kilpailee toiseksi korkeimmalla sarjatasolla. N\u00e4m\u00e4 pisteet voivat olla ratkaisevia sarjapaikan s\u00e4ilytt\u00e4misen kannalta.<\/p>\n<p>Yleisurheiluliiton huippu-urheilujohtajan Kari Niemi-Nikkolan mukaan tavoitteena on saada ensi vuoden MM-kisoihin noin 30 urheilijaa ja vakiinnuttaa Suomen asema Euroopan toiseksi korkeimmalla sarjatasolla. Andersson on t\u00e4ss\u00e4 kehityksess\u00e4 t\u00e4rke\u00e4ss\u00e4 roolissa, etenkin kun <strong>Wilma Murto<\/strong> t\u00e4ht\u00e4\u00e4 kauden huipennuksiin my\u00f6hemmin.<\/p>\n<h2>Katse kohti Pariisia<\/h2>\n<p>Pariisin olympialaiset h\u00e4\u00e4m\u00f6tt\u00e4v\u00e4t horisontissa, mutta tie kisakoneeseen ei ole helppo. Tulostavoite \u2013 4,73 \u2013 ei ole viel\u00e4 rikottu; Anderssonin kauden parhaat suoritukset ovat olleet 4,30:n tiet\u00e4mill\u00e4. Olympiapaikka on silti mahdollinen <strong>ranking-pisteiden<\/strong> kautta.<\/p>\n<p>Loppukes\u00e4n kilpailut voivat olla ratkaisevia:<\/p>\n<ul>\n<li><strong>Paavo Nurmi Games<\/strong> Turussa (kes\u00e4kuu)<\/li>\n<li><strong>Kalevan kisat<\/strong> Tampereella (hein\u00e4kuu)<\/li>\n<\/ul>\n<p>N\u00e4iss\u00e4 kilpailuissa onnistuminen voi viel\u00e4 muuttaa kaiken.<\/p>\n<h2>Yhteenveto<\/h2>\n<ul>\n<li>Saga Andersson sijoittui 9:nneksi seiv\u00e4shypyss\u00e4 EM-joukkuekisassa tuloksella 4,20.<\/li>\n<li>Tina \u0160utej vei voiton ylitt\u00e4m\u00e4ll\u00e4 4,60.<\/li>\n<li>Andersson toi Suomelle t\u00e4rke\u00e4t nelj\u00e4 pistett\u00e4 sarjapaikan turvaamiseksi.<\/li>\n<li>Olympiapaikka on viel\u00e4 realismia rankingin kautta, vaikka tulosrajasta j\u00e4\u00e4d\u00e4\u00e4n.<\/li>\n<li>Kes\u00e4n kotimaiset ja kansainv\u00e4liset kisat ratkaisevat paljon.<\/li>\n<\/ul>\n<p>Onko olympiapaikka viel\u00e4 t\u00e4m\u00e4n kauden ulottuvilla? Voiko Saga Andersson nostaa tasoaan ratkaisevalla hetkell\u00e4? Se j\u00e4\u00e4 n\u00e4ht\u00e4v\u00e4ksi \u2013 mutta h\u00e4nen matkansa on kaikkea muuta kuin ohi.<\/p>\n<p><strong>Seuraava hyppy<\/strong> voi todella muuttaa kaiken.<\/p>\n","protected":false},"excerpt":{"rendered":"<p>Saga Andersson loisti seiv\u00e4shypyss\u00e4 EM-joukkuekisassa \u2013 taistelu olympiapaikasta jatkuu Suomen Saga Andersson taisteli vahvasti viikonloppuna k\u00e4ydyiss\u00e4 yleisurheilun EM-joukkuekilpailuissa Puolan Bydgoszczissa,&#8230;<\/p>\n","protected":false},"author":7,"featured_media":867,"comment_status":"open","ping_status":"open","sticky":false,"template":"","format":"standard","meta":{"_acf_changed":false,"footnotes":""},"categories":[37],"tags":[],"class_list":["post-871","post","type-post","status-publish","format-standard","has-post-thumbnail","hentry","category-uutiset"],"acf":[],"yoast_head":"<!-- This site is optimized with the Yoast SEO plugin v27.4 - https:\/\/yoast.com\/product\/yoast-seo-wordpress\/ -->\n<title>Saga Andersson loisti seiv\u00e4shypyss\u00e4 EM-joukkuekisassa \u2013 taistelu olympiapaikasta jatkuu - Sportotto.com<\/title>\n<meta name=\"robots\" content=\"index, follow, max-snippet:-1, max-image-preview:large, max-video-preview:-1\" \/>\n<link rel=\"canonical\" href=\"https:\/\/sportotto.com\/fi\/uutiset\/saga-andersson-loisti-seivashypyssa-em-joukkuekisassa-taistelu-olympiapaikasta-jatkuu\/\" \/>\n<meta property=\"og:locale\" content=\"fi_FI\" \/>\n<meta property=\"og:type\" content=\"article\" \/>\n<meta property=\"og:title\" content=\"Saga Andersson loisti seiv\u00e4shypyss\u00e4 EM-joukkuekisassa \u2013 taistelu olympiapaikasta jatkuu - Sportotto.com\" \/>\n<meta property=\"og:description\" content=\"Saga Andersson loisti seiv\u00e4shypyss\u00e4 EM-joukkuekisassa \u2013 taistelu olympiapaikasta jatkuu Suomen Saga Andersson taisteli vahvasti viikonloppuna k\u00e4ydyiss\u00e4 yleisurheilun EM-joukkuekilpailuissa Puolan Bydgoszczissa,...\" \/>\n<meta property=\"og:url\" content=\"https:\/\/sportotto.com\/fi\/uutiset\/saga-andersson-loisti-seivashypyssa-em-joukkuekisassa-taistelu-olympiapaikasta-jatkuu\/\" \/>\n<meta property=\"og:site_name\" content=\"Sportotto.com\" \/>\n<meta property=\"article:published_time\" content=\"2025-06-24T05:02:42+00:00\" \/>\n<meta name=\"author\" content=\"Linus Jung\" \/>\n<meta name=\"twitter:card\" content=\"summary_large_image\" \/>\n<meta name=\"twitter:label1\" content=\"Kirjoittanut\" \/>\n\t<meta name=\"twitter:data1\" content=\"Linus Jung\" \/>\n\t<meta name=\"twitter:label2\" content=\"Arvioitu lukuaika\" \/>\n\t<meta name=\"twitter:data2\" content=\"2 minuuttia\" \/>\n<script type=\"application\/ld+json\" class=\"yoast-schema-graph\">{\"@context\":\"https:\\\/\\\/schema.org\",\"@graph\":[{\"@type\":\"Article\",\"@id\":\"https:\\\/\\\/sportotto.com\\\/fi\\\/uutiset\\\/saga-andersson-loisti-seivashypyssa-em-joukkuekisassa-taistelu-olympiapaikasta-jatkuu\\\/#article\",\"isPartOf\":{\"@id\":\"https:\\\/\\\/sportotto.com\\\/fi\\\/uutiset\\\/saga-andersson-loisti-seivashypyssa-em-joukkuekisassa-taistelu-olympiapaikasta-jatkuu\\\/\"},\"author\":{\"name\":\"Linus Jung\",\"@id\":\"https:\\\/\\\/sportotto.com\\\/fi\\\/#\\\/schema\\\/person\\\/4e717e9d5e7dc8a9563d831e8eff4281\"},\"headline\":\"Saga Andersson loisti seiv\u00e4shypyss\u00e4 EM-joukkuekisassa \u2013 taistelu olympiapaikasta jatkuu\",\"datePublished\":\"2025-06-24T05:02:42+00:00\",\"mainEntityOfPage\":{\"@id\":\"https:\\\/\\\/sportotto.com\\\/fi\\\/uutiset\\\/saga-andersson-loisti-seivashypyssa-em-joukkuekisassa-taistelu-olympiapaikasta-jatkuu\\\/\"},\"wordCount\":371,\"commentCount\":0,\"image\":{\"@id\":\"https:\\\/\\\/sportotto.com\\\/fi\\\/uutiset\\\/saga-andersson-loisti-seivashypyssa-em-joukkuekisassa-taistelu-olympiapaikasta-jatkuu\\\/#primaryimage\"},\"thumbnailUrl\":\"https:\\\/\\\/sportotto.com\\\/wp-content\\\/uploads\\\/2025\\\/06\\\/Saga20Andersson20loisti20seivC3A4shypyssC3A420EM-joukkuekisassa20E2809320taistelu20olympiapaikasta20jatkuu-2025-06-24T053A023A32.213Z.jpg\",\"articleSection\":[\"Uutiset\"],\"inLanguage\":\"fi\",\"potentialAction\":[{\"@type\":\"CommentAction\",\"name\":\"Comment\",\"target\":[\"https:\\\/\\\/sportotto.com\\\/fi\\\/uutiset\\\/saga-andersson-loisti-seivashypyssa-em-joukkuekisassa-taistelu-olympiapaikasta-jatkuu\\\/#respond\"]}]},{\"@type\":\"WebPage\",\"@id\":\"https:\\\/\\\/sportotto.com\\\/fi\\\/uutiset\\\/saga-andersson-loisti-seivashypyssa-em-joukkuekisassa-taistelu-olympiapaikasta-jatkuu\\\/\",\"url\":\"https:\\\/\\\/sportotto.com\\\/fi\\\/uutiset\\\/saga-andersson-loisti-seivashypyssa-em-joukkuekisassa-taistelu-olympiapaikasta-jatkuu\\\/\",\"name\":\"Saga Andersson loisti seiv\u00e4shypyss\u00e4 EM-joukkuekisassa \u2013 taistelu olympiapaikasta jatkuu - Sportotto.com\",\"isPartOf\":{\"@id\":\"https:\\\/\\\/sportotto.com\\\/fi\\\/#website\"},\"primaryImageOfPage\":{\"@id\":\"https:\\\/\\\/sportotto.com\\\/fi\\\/uutiset\\\/saga-andersson-loisti-seivashypyssa-em-joukkuekisassa-taistelu-olympiapaikasta-jatkuu\\\/#primaryimage\"},\"image\":{\"@id\":\"https:\\\/\\\/sportotto.com\\\/fi\\\/uutiset\\\/saga-andersson-loisti-seivashypyssa-em-joukkuekisassa-taistelu-olympiapaikasta-jatkuu\\\/#primaryimage\"},\"thumbnailUrl\":\"https:\\\/\\\/sportotto.com\\\/wp-content\\\/uploads\\\/2025\\\/06\\\/Saga20Andersson20loisti20seivC3A4shypyssC3A420EM-joukkuekisassa20E2809320taistelu20olympiapaikasta20jatkuu-2025-06-24T053A023A32.213Z.jpg\",\"datePublished\":\"2025-06-24T05:02:42+00:00\",\"author\":{\"@id\":\"https:\\\/\\\/sportotto.com\\\/fi\\\/#\\\/schema\\\/person\\\/4e717e9d5e7dc8a9563d831e8eff4281\"},\"breadcrumb\":{\"@id\":\"https:\\\/\\\/sportotto.com\\\/fi\\\/uutiset\\\/saga-andersson-loisti-seivashypyssa-em-joukkuekisassa-taistelu-olympiapaikasta-jatkuu\\\/#breadcrumb\"},\"inLanguage\":\"fi\",\"potentialAction\":[{\"@type\":\"ReadAction\",\"target\":[\"https:\\\/\\\/sportotto.com\\\/fi\\\/uutiset\\\/saga-andersson-loisti-seivashypyssa-em-joukkuekisassa-taistelu-olympiapaikasta-jatkuu\\\/\"]}]},{\"@type\":\"ImageObject\",\"inLanguage\":\"fi\",\"@id\":\"https:\\\/\\\/sportotto.com\\\/fi\\\/uutiset\\\/saga-andersson-loisti-seivashypyssa-em-joukkuekisassa-taistelu-olympiapaikasta-jatkuu\\\/#primaryimage\",\"url\":\"https:\\\/\\\/sportotto.com\\\/wp-content\\\/uploads\\\/2025\\\/06\\\/Saga20Andersson20loisti20seivC3A4shypyssC3A420EM-joukkuekisassa20E2809320taistelu20olympiapaikasta20jatkuu-2025-06-24T053A023A32.213Z.jpg\",\"contentUrl\":\"https:\\\/\\\/sportotto.com\\\/wp-content\\\/uploads\\\/2025\\\/06\\\/Saga20Andersson20loisti20seivC3A4shypyssC3A420EM-joukkuekisassa20E2809320taistelu20olympiapaikasta20jatkuu-2025-06-24T053A023A32.213Z.jpg\",\"width\":1536,\"height\":1024},{\"@type\":\"BreadcrumbList\",\"@id\":\"https:\\\/\\\/sportotto.com\\\/fi\\\/uutiset\\\/saga-andersson-loisti-seivashypyssa-em-joukkuekisassa-taistelu-olympiapaikasta-jatkuu\\\/#breadcrumb\",\"itemListElement\":[{\"@type\":\"ListItem\",\"position\":1,\"name\":\"Sportotto\",\"item\":\"https:\\\/\\\/sportotto.com\\\/fi\\\/\"},{\"@type\":\"ListItem\",\"position\":2,\"name\":\"Okategoriserad\",\"item\":\"https:\\\/\\\/sportotto.com\\\/cl\\\/okategoriserad\\\/\"},{\"@type\":\"ListItem\",\"position\":3,\"name\":\"Saga Andersson loisti seiv\u00e4shypyss\u00e4 EM-joukkuekisassa \u2013 taistelu olympiapaikasta jatkuu\"}]},{\"@type\":\"WebSite\",\"@id\":\"https:\\\/\\\/sportotto.com\\\/fi\\\/#website\",\"url\":\"https:\\\/\\\/sportotto.com\\\/fi\\\/\",\"name\":\"Sportotto.com\",\"description\":\"All about sports betting!\",\"potentialAction\":[{\"@type\":\"SearchAction\",\"target\":{\"@type\":\"EntryPoint\",\"urlTemplate\":\"https:\\\/\\\/sportotto.com\\\/fi\\\/?s={search_term_string}\"},\"query-input\":{\"@type\":\"PropertyValueSpecification\",\"valueRequired\":true,\"valueName\":\"search_term_string\"}}],\"inLanguage\":\"fi\"},{\"@type\":\"Person\",\"@id\":\"https:\\\/\\\/sportotto.com\\\/fi\\\/#\\\/schema\\\/person\\\/4e717e9d5e7dc8a9563d831e8eff4281\",\"name\":\"Linus Jung\",\"image\":{\"@type\":\"ImageObject\",\"inLanguage\":\"fi\",\"@id\":\"https:\\\/\\\/secure.gravatar.com\\\/avatar\\\/eca1d2df4eae3f7495ac24b159d8abf4d4d395492b5e7c4c934e1b65646f8db3?s=96&d=mm&r=g\",\"url\":\"https:\\\/\\\/secure.gravatar.com\\\/avatar\\\/eca1d2df4eae3f7495ac24b159d8abf4d4d395492b5e7c4c934e1b65646f8db3?s=96&d=mm&r=g\",\"contentUrl\":\"https:\\\/\\\/secure.gravatar.com\\\/avatar\\\/eca1d2df4eae3f7495ac24b159d8abf4d4d395492b5e7c4c934e1b65646f8db3?s=96&d=mm&r=g\",\"caption\":\"Linus Jung\"}}]}<\/script>\n<!-- \/ Yoast SEO plugin. -->","yoast_head_json":{"title":"Saga Andersson loisti seiv\u00e4shypyss\u00e4 EM-joukkuekisassa \u2013 taistelu olympiapaikasta jatkuu - Sportotto.com","robots":{"index":"index","follow":"follow","max-snippet":"max-snippet:-1","max-image-preview":"max-image-preview:large","max-video-preview":"max-video-preview:-1"},"canonical":"https:\/\/sportotto.com\/fi\/uutiset\/saga-andersson-loisti-seivashypyssa-em-joukkuekisassa-taistelu-olympiapaikasta-jatkuu\/","og_locale":"fi_FI","og_type":"article","og_title":"Saga Andersson loisti seiv\u00e4shypyss\u00e4 EM-joukkuekisassa \u2013 taistelu olympiapaikasta jatkuu - Sportotto.com","og_description":"Saga Andersson loisti seiv\u00e4shypyss\u00e4 EM-joukkuekisassa \u2013 taistelu olympiapaikasta jatkuu Suomen Saga Andersson taisteli vahvasti viikonloppuna k\u00e4ydyiss\u00e4 yleisurheilun EM-joukkuekilpailuissa Puolan Bydgoszczissa,...","og_url":"https:\/\/sportotto.com\/fi\/uutiset\/saga-andersson-loisti-seivashypyssa-em-joukkuekisassa-taistelu-olympiapaikasta-jatkuu\/","og_site_name":"Sportotto.com","article_published_time":"2025-06-24T05:02:42+00:00","author":"Linus Jung","twitter_card":"summary_large_image","twitter_misc":{"Kirjoittanut":"Linus Jung","Arvioitu lukuaika":"2 minuuttia"},"schema":{"@context":"https:\/\/schema.org","@graph":[{"@type":"Article","@id":"https:\/\/sportotto.com\/fi\/uutiset\/saga-andersson-loisti-seivashypyssa-em-joukkuekisassa-taistelu-olympiapaikasta-jatkuu\/#article","isPartOf":{"@id":"https:\/\/sportotto.com\/fi\/uutiset\/saga-andersson-loisti-seivashypyssa-em-joukkuekisassa-taistelu-olympiapaikasta-jatkuu\/"},"author":{"name":"Linus Jung","@id":"https:\/\/sportotto.com\/fi\/#\/schema\/person\/4e717e9d5e7dc8a9563d831e8eff4281"},"headline":"Saga Andersson loisti seiv\u00e4shypyss\u00e4 EM-joukkuekisassa \u2013 taistelu olympiapaikasta jatkuu","datePublished":"2025-06-24T05:02:42+00:00","mainEntityOfPage":{"@id":"https:\/\/sportotto.com\/fi\/uutiset\/saga-andersson-loisti-seivashypyssa-em-joukkuekisassa-taistelu-olympiapaikasta-jatkuu\/"},"wordCount":371,"commentCount":0,"image":{"@id":"https:\/\/sportotto.com\/fi\/uutiset\/saga-andersson-loisti-seivashypyssa-em-joukkuekisassa-taistelu-olympiapaikasta-jatkuu\/#primaryimage"},"thumbnailUrl":"https:\/\/sportotto.com\/wp-content\/uploads\/2025\/06\/Saga20Andersson20loisti20seivC3A4shypyssC3A420EM-joukkuekisassa20E2809320taistelu20olympiapaikasta20jatkuu-2025-06-24T053A023A32.213Z.jpg","articleSection":["Uutiset"],"inLanguage":"fi","potentialAction":[{"@type":"CommentAction","name":"Comment","target":["https:\/\/sportotto.com\/fi\/uutiset\/saga-andersson-loisti-seivashypyssa-em-joukkuekisassa-taistelu-olympiapaikasta-jatkuu\/#respond"]}]},{"@type":"WebPage","@id":"https:\/\/sportotto.com\/fi\/uutiset\/saga-andersson-loisti-seivashypyssa-em-joukkuekisassa-taistelu-olympiapaikasta-jatkuu\/","url":"https:\/\/sportotto.com\/fi\/uutiset\/saga-andersson-loisti-seivashypyssa-em-joukkuekisassa-taistelu-olympiapaikasta-jatkuu\/","name":"Saga Andersson loisti seiv\u00e4shypyss\u00e4 EM-joukkuekisassa \u2013 taistelu olympiapaikasta jatkuu - Sportotto.com","isPartOf":{"@id":"https:\/\/sportotto.com\/fi\/#website"},"primaryImageOfPage":{"@id":"https:\/\/sportotto.com\/fi\/uutiset\/saga-andersson-loisti-seivashypyssa-em-joukkuekisassa-taistelu-olympiapaikasta-jatkuu\/#primaryimage"},"image":{"@id":"https:\/\/sportotto.com\/fi\/uutiset\/saga-andersson-loisti-seivashypyssa-em-joukkuekisassa-taistelu-olympiapaikasta-jatkuu\/#primaryimage"},"thumbnailUrl":"https:\/\/sportotto.com\/wp-content\/uploads\/2025\/06\/Saga20Andersson20loisti20seivC3A4shypyssC3A420EM-joukkuekisassa20E2809320taistelu20olympiapaikasta20jatkuu-2025-06-24T053A023A32.213Z.jpg","datePublished":"2025-06-24T05:02:42+00:00","author":{"@id":"https:\/\/sportotto.com\/fi\/#\/schema\/person\/4e717e9d5e7dc8a9563d831e8eff4281"},"breadcrumb":{"@id":"https:\/\/sportotto.com\/fi\/uutiset\/saga-andersson-loisti-seivashypyssa-em-joukkuekisassa-taistelu-olympiapaikasta-jatkuu\/#breadcrumb"},"inLanguage":"fi","potentialAction":[{"@type":"ReadAction","target":["https:\/\/sportotto.com\/fi\/uutiset\/saga-andersson-loisti-seivashypyssa-em-joukkuekisassa-taistelu-olympiapaikasta-jatkuu\/"]}]},{"@type":"ImageObject","inLanguage":"fi","@id":"https:\/\/sportotto.com\/fi\/uutiset\/saga-andersson-loisti-seivashypyssa-em-joukkuekisassa-taistelu-olympiapaikasta-jatkuu\/#primaryimage","url":"https:\/\/sportotto.com\/wp-content\/uploads\/2025\/06\/Saga20Andersson20loisti20seivC3A4shypyssC3A420EM-joukkuekisassa20E2809320taistelu20olympiapaikasta20jatkuu-2025-06-24T053A023A32.213Z.jpg","contentUrl":"https:\/\/sportotto.com\/wp-content\/uploads\/2025\/06\/Saga20Andersson20loisti20seivC3A4shypyssC3A420EM-joukkuekisassa20E2809320taistelu20olympiapaikasta20jatkuu-2025-06-24T053A023A32.213Z.jpg","width":1536,"height":1024},{"@type":"BreadcrumbList","@id":"https:\/\/sportotto.com\/fi\/uutiset\/saga-andersson-loisti-seivashypyssa-em-joukkuekisassa-taistelu-olympiapaikasta-jatkuu\/#breadcrumb","itemListElement":[{"@type":"ListItem","position":1,"name":"Sportotto","item":"https:\/\/sportotto.com\/fi\/"},{"@type":"ListItem","position":2,"name":"Okategoriserad","item":"https:\/\/sportotto.com\/cl\/okategoriserad\/"},{"@type":"ListItem","position":3,"name":"Saga Andersson loisti seiv\u00e4shypyss\u00e4 EM-joukkuekisassa \u2013 taistelu olympiapaikasta jatkuu"}]},{"@type":"WebSite","@id":"https:\/\/sportotto.com\/fi\/#website","url":"https:\/\/sportotto.com\/fi\/","name":"Sportotto.com","description":"All about sports betting!","potentialAction":[{"@type":"SearchAction","target":{"@type":"EntryPoint","urlTemplate":"https:\/\/sportotto.com\/fi\/?s={search_term_string}"},"query-input":{"@type":"PropertyValueSpecification","valueRequired":true,"valueName":"search_term_string"}}],"inLanguage":"fi"},{"@type":"Person","@id":"https:\/\/sportotto.com\/fi\/#\/schema\/person\/4e717e9d5e7dc8a9563d831e8eff4281","name":"Linus Jung","image":{"@type":"ImageObject","inLanguage":"fi","@id":"https:\/\/secure.gravatar.com\/avatar\/eca1d2df4eae3f7495ac24b159d8abf4d4d395492b5e7c4c934e1b65646f8db3?s=96&d=mm&r=g","url":"https:\/\/secure.gravatar.com\/avatar\/eca1d2df4eae3f7495ac24b159d8abf4d4d395492b5e7c4c934e1b65646f8db3?s=96&d=mm&r=g","contentUrl":"https:\/\/secure.gravatar.com\/avatar\/eca1d2df4eae3f7495ac24b159d8abf4d4d395492b5e7c4c934e1b65646f8db3?s=96&d=mm&r=g","caption":"Linus Jung"}}]}},"_links":{"self":[{"href":"https:\/\/sportotto.com\/fi\/wp-json\/wp\/v2\/posts\/871","targetHints":{"allow":["GET"]}}],"collection":[{"href":"https:\/\/sportotto.com\/fi\/wp-json\/wp\/v2\/posts"}],"about":[{"href":"https:\/\/sportotto.com\/fi\/wp-json\/wp\/v2\/types\/post"}],"author":[{"embeddable":true,"href":"https:\/\/sportotto.com\/fi\/wp-json\/wp\/v2\/users\/7"}],"replies":[{"embeddable":true,"href":"https:\/\/sportotto.com\/fi\/wp-json\/wp\/v2\/comments?post=871"}],"version-history":[{"count":0,"href":"https:\/\/sportotto.com\/fi\/wp-json\/wp\/v2\/posts\/871\/revisions"}],"wp:featuredmedia":[{"embeddable":true,"href":"https:\/\/sportotto.com\/fi\/wp-json\/wp\/v2\/media\/867"}],"wp:attachment":[{"href":"https:\/\/sportotto.com\/fi\/wp-json\/wp\/v2\/media?parent=871"}],"wp:term":[{"taxonomy":"category","embeddable":true,"href":"https:\/\/sportotto.com\/fi\/wp-json\/wp\/v2\/categories?post=871"},{"taxonomy":"post_tag","embeddable":true,"href":"https:\/\/sportotto.com\/fi\/wp-json\/wp\/v2\/tags?post=871"}],"curies":[{"name":"wp","href":"https:\/\/api.w.org\/{rel}","templated":true}]}}