{"id":876,"date":"2025-06-25T05:02:37","date_gmt":"2025-06-25T05:02:37","guid":{"rendered":"https:\/\/sportotto.com\/okategoriserad\/radiovitsista-olympiaunelmaksi-jannen-ja-tristanin-kelkkatarina-jai-suomalaisten-sydamiin\/"},"modified":"2025-06-25T05:02:37","modified_gmt":"2025-06-25T05:02:37","slug":"radiovitsista-olympiaunelmaksi-jannen-ja-tristanin-kelkkatarina-jai-suomalaisten-sydamiin","status":"publish","type":"post","link":"https:\/\/sportotto.com\/fi\/uutiset\/radiovitsista-olympiaunelmaksi-jannen-ja-tristanin-kelkkatarina-jai-suomalaisten-sydamiin\/","title":{"rendered":"Radiovitsist\u00e4 olympiaunelmaksi Jannen ja Tristanin kelkkatarina j\u00e4i suomalaisten syd\u00e4miin"},"content":{"rendered":"<h1>Radiovitsist\u00e4 olympiaunelmaksi Jannen ja Tristanin kelkkatarina j\u00e4i suomalaisten syd\u00e4miin<\/h1>\n<p>T\u00e4ss\u00e4 on kertomus kahdesta tavattomasta miehest\u00e4, <strong>Janne Saarisesta<\/strong> ja <strong>Tristan Jeskasesta<\/strong>, jotka onnistuivat k\u00e4\u00e4nt\u00e4m\u00e4\u00e4n kevyen heiton kunnianhimoiseksi urheiluprojektiksi. Heid\u00e4n tavoitteensa oli uskomaton: edustaa Suomea vuoden 2026 talviolympialaisissa pariohjaskelkkailussa \u2013 lajissa, joka oli suomalaisille l\u00e4hes t\u00e4ysin tuntematon.<\/p>\n<h2>Vitsi muuttuu todeksi<\/h2>\n<p>Kaikki alkoi sattumalta. Saarinen oli tunnettu radiokasvo ja n\u00e4yttelij\u00e4, ei suinkaan urheilija. Kun h\u00e4n suorassa l\u00e4hetyksess\u00e4 heitti huumorilla \u201ckelkkailu-olympialaisista\u201d, ei h\u00e4n arvannut, ett\u00e4 Suomen kelkkailuliitto ottaisi h\u00e4neen todella yhteytt\u00e4.<\/p>\n<p>Puhelinsoitto ei j\u00e4\u00e4nyt vain jutuksi. Pian Saarinen oli vet\u00e4nyt kelkkakyp\u00e4r\u00e4n p\u00e4\u00e4h\u00e4ns\u00e4, ja suunta oli selv\u00e4. H\u00e4n sai rinnalleen <strong>Tristan Jeskasen<\/strong>, urheilijan, jolla oli taustaa muun muassa rugbysta ja amerikkalaisesta jalkapallosta \u2014 sek\u00e4 t\u00e4rke\u00e4\u00e4 kokemusta kelkkailusta Kanadasta ja It\u00e4vallasta.<\/p>\n<h2>Vakava projekti, t\u00e4ysi panostus<\/h2>\n<p>Kaksikko ei suhtautunut projektiin kevyesti. He:<\/p>\n<ul>\n<li>Harjoittelivat m\u00e4\u00e4r\u00e4tietoisesti<\/li>\n<li>Ryhdyiv\u00e4t rakentamaan omaa kelkkailujoukkuettaan<\/li>\n<li>Etsiv\u00e4t ja saivat yhteisty\u00f6kumppaneita<\/li>\n<li>Kiersiv\u00e4t oikeilla kilparadoilla eri maissa<\/li>\n<\/ul>\n<p>Vuonna 2024 Ylen <strong>Sportliv-dokumentti<\/strong> n\u00e4ytti, mit\u00e4 kelkkailun kulissien takana tapahtui. Huomion keskipisteess\u00e4 olivat yst\u00e4vyys, paine ja haasteiden ylitt\u00e4minen.<\/p>\n<h2>K\u00e4\u00e4nnekohta Lillehammerissa<\/h2>\n<p>Mutta matka ei ollut ongelmaton. Marraskuussa 2023 <strong>Lillehammerissa<\/strong> tapahtui vakava kaatuminen harjoituslaskun aikana. Saarinen loukkaantui pahasti ja joutui sairaalaan. Silloin todellisuus iski vasten kasvoja. Mietittiin, onko tavoitteeseen t\u00e4ht\u00e4\u00e4minen en\u00e4\u00e4 j\u00e4rkev\u00e4\u00e4 \u2013 vai jopa hengenvaarallista.<\/p>\n<p>Saarinen jakoi tilanteesta rehellisen ja liikuttavan viestin somessa. Se sai monet ymm\u00e4rt\u00e4m\u00e4\u00e4n, miten paljon uskallusta ja uhrauksia matkan taakse k\u00e4tkeytyi.<\/p>\n<h2>Projekti p\u00e4\u00e4ttyy \u2013 mutta ei turhaan<\/h2>\n<p><strong>18. kes\u00e4kuuta<\/strong> kaksikko ilmoitti lopettavansa. Detaljeja p\u00e4\u00e4t\u00f6ksen taustalta ei paljastettu, mutta syyt vaikuttivat liittyv\u00e4n paitsi loukkaantumisiin, my\u00f6s projektin henkiseen taakkaan ja joukkueen sis\u00e4isiin haasteisiin.<\/p>\n<p>Silti heid\u00e4n perint\u00f6ns\u00e4 j\u00e4i el\u00e4m\u00e4\u00e4n. Ei olympialaisissa, vaan:<\/p>\n<ul>\n<li>Suomalaisessa kulttuurissa<\/li>\n<li>Inspiraationa tuleville urheilijoille<\/li>\n<li>Viihdytt\u00e4v\u00e4n\u00e4, mutta vaikuttavana muistona<\/li>\n<\/ul>\n<h2>Yritt\u00e4misen voima<\/h2>\n<p>Saarinen palaa media-alalle, Jeskasta odottaa mahdollisesti jatko urheilun parissa. Yksi asia on kuitenkin varma: n\u00e4m\u00e4 miehet yrittiv\u00e4t. He eiv\u00e4t olleet perinteisi\u00e4 kelkkailijoita, mutta heid\u00e4n projektinsa oli rohkea, vilpit\u00f6n ja ainutlaatuinen.<\/p>\n<ol>\n<li>He eiv\u00e4t pel\u00e4nneet ep\u00e4onnistumista.<\/li>\n<li>He k\u00e4\u00e4nsiv\u00e4t vitsist\u00e4 todeksi muuttuneen idean yll\u00e4tt\u00e4v\u00e4ksi seikkailuksi.<\/li>\n<li>He osoittivat, ett\u00e4 t\u00e4rkeint\u00e4 ei ole m\u00e4\u00e4r\u00e4np\u00e4\u00e4, vaan reilu yritys p\u00e4\u00e4st\u00e4 sinne.<\/li>\n<\/ol>\n<p>Ja ehk\u00e4 jonain p\u00e4iv\u00e4n\u00e4, kun uusi suomalainen kelkkailija seisoo olympiakisojen portilla, h\u00e4n muistaa n\u00e4m\u00e4 nimet \u2013 Janne ja Tristan \u2013 ja miettii hetken, <em>miten he sen tekiv\u00e4t<\/em>.<\/p>\n<p>Vaikka jarrut pettiv\u00e4t, kaasua painettiin loppuun asti. Se on tarina, joka ansaitsee tulla kerrotuksi yh\u00e4 uudelleen.<\/p>\n","protected":false},"excerpt":{"rendered":"<p>Radiovitsist\u00e4 olympiaunelmaksi Jannen ja Tristanin kelkkatarina j\u00e4i suomalaisten syd\u00e4miin T\u00e4ss\u00e4 on kertomus kahdesta tavattomasta miehest\u00e4, Janne Saarisesta ja Tristan Jeskasesta,&#8230;<\/p>\n","protected":false},"author":7,"featured_media":872,"comment_status":"open","ping_status":"open","sticky":false,"template":"","format":"standard","meta":{"_acf_changed":false,"footnotes":""},"categories":[37],"tags":[],"class_list":["post-876","post","type-post","status-publish","format-standard","has-post-thumbnail","hentry","category-uutiset"],"acf":[],"yoast_head":"<!-- This site is optimized with the Yoast SEO plugin v27.4 - https:\/\/yoast.com\/product\/yoast-seo-wordpress\/ -->\n<title>Radiovitsist\u00e4 olympiaunelmaksi Jannen ja Tristanin kelkkatarina j\u00e4i suomalaisten syd\u00e4miin - Sportotto.com<\/title>\n<meta name=\"robots\" content=\"index, follow, max-snippet:-1, max-image-preview:large, max-video-preview:-1\" \/>\n<link rel=\"canonical\" href=\"https:\/\/sportotto.com\/fi\/uutiset\/radiovitsista-olympiaunelmaksi-jannen-ja-tristanin-kelkkatarina-jai-suomalaisten-sydamiin\/\" \/>\n<meta property=\"og:locale\" content=\"fi_FI\" \/>\n<meta property=\"og:type\" content=\"article\" \/>\n<meta property=\"og:title\" content=\"Radiovitsist\u00e4 olympiaunelmaksi Jannen ja Tristanin kelkkatarina j\u00e4i suomalaisten syd\u00e4miin - Sportotto.com\" \/>\n<meta property=\"og:description\" content=\"Radiovitsist\u00e4 olympiaunelmaksi Jannen ja Tristanin kelkkatarina j\u00e4i suomalaisten syd\u00e4miin T\u00e4ss\u00e4 on kertomus kahdesta tavattomasta miehest\u00e4, Janne Saarisesta ja Tristan Jeskasesta,...\" \/>\n<meta property=\"og:url\" content=\"https:\/\/sportotto.com\/fi\/uutiset\/radiovitsista-olympiaunelmaksi-jannen-ja-tristanin-kelkkatarina-jai-suomalaisten-sydamiin\/\" \/>\n<meta property=\"og:site_name\" content=\"Sportotto.com\" \/>\n<meta property=\"article:published_time\" content=\"2025-06-25T05:02:37+00:00\" \/>\n<meta name=\"author\" content=\"Linus Jung\" \/>\n<meta name=\"twitter:card\" content=\"summary_large_image\" \/>\n<meta name=\"twitter:label1\" content=\"Kirjoittanut\" \/>\n\t<meta name=\"twitter:data1\" content=\"Linus Jung\" \/>\n\t<meta name=\"twitter:label2\" content=\"Arvioitu lukuaika\" \/>\n\t<meta name=\"twitter:data2\" content=\"2 minuuttia\" \/>\n<script type=\"application\/ld+json\" class=\"yoast-schema-graph\">{\"@context\":\"https:\\\/\\\/schema.org\",\"@graph\":[{\"@type\":\"Article\",\"@id\":\"https:\\\/\\\/sportotto.com\\\/fi\\\/uutiset\\\/radiovitsista-olympiaunelmaksi-jannen-ja-tristanin-kelkkatarina-jai-suomalaisten-sydamiin\\\/#article\",\"isPartOf\":{\"@id\":\"https:\\\/\\\/sportotto.com\\\/fi\\\/uutiset\\\/radiovitsista-olympiaunelmaksi-jannen-ja-tristanin-kelkkatarina-jai-suomalaisten-sydamiin\\\/\"},\"author\":{\"name\":\"Linus Jung\",\"@id\":\"https:\\\/\\\/sportotto.com\\\/fi\\\/#\\\/schema\\\/person\\\/4e717e9d5e7dc8a9563d831e8eff4281\"},\"headline\":\"Radiovitsist\u00e4 olympiaunelmaksi Jannen ja Tristanin kelkkatarina j\u00e4i suomalaisten syd\u00e4miin\",\"datePublished\":\"2025-06-25T05:02:37+00:00\",\"mainEntityOfPage\":{\"@id\":\"https:\\\/\\\/sportotto.com\\\/fi\\\/uutiset\\\/radiovitsista-olympiaunelmaksi-jannen-ja-tristanin-kelkkatarina-jai-suomalaisten-sydamiin\\\/\"},\"wordCount\":440,\"commentCount\":0,\"image\":{\"@id\":\"https:\\\/\\\/sportotto.com\\\/fi\\\/uutiset\\\/radiovitsista-olympiaunelmaksi-jannen-ja-tristanin-kelkkatarina-jai-suomalaisten-sydamiin\\\/#primaryimage\"},\"thumbnailUrl\":\"https:\\\/\\\/sportotto.com\\\/wp-content\\\/uploads\\\/2025\\\/06\\\/RadiovitsistC3A420olympiaunelmaksi20Jannen20ja20Tristanin20kelkkatarina20jC3A4i20suomalaisten20sydC3A4miin-2025-06-25T053A023A25.699Z.jpg\",\"articleSection\":[\"Uutiset\"],\"inLanguage\":\"fi\",\"potentialAction\":[{\"@type\":\"CommentAction\",\"name\":\"Comment\",\"target\":[\"https:\\\/\\\/sportotto.com\\\/fi\\\/uutiset\\\/radiovitsista-olympiaunelmaksi-jannen-ja-tristanin-kelkkatarina-jai-suomalaisten-sydamiin\\\/#respond\"]}]},{\"@type\":\"WebPage\",\"@id\":\"https:\\\/\\\/sportotto.com\\\/fi\\\/uutiset\\\/radiovitsista-olympiaunelmaksi-jannen-ja-tristanin-kelkkatarina-jai-suomalaisten-sydamiin\\\/\",\"url\":\"https:\\\/\\\/sportotto.com\\\/fi\\\/uutiset\\\/radiovitsista-olympiaunelmaksi-jannen-ja-tristanin-kelkkatarina-jai-suomalaisten-sydamiin\\\/\",\"name\":\"Radiovitsist\u00e4 olympiaunelmaksi Jannen ja Tristanin kelkkatarina j\u00e4i suomalaisten syd\u00e4miin - Sportotto.com\",\"isPartOf\":{\"@id\":\"https:\\\/\\\/sportotto.com\\\/fi\\\/#website\"},\"primaryImageOfPage\":{\"@id\":\"https:\\\/\\\/sportotto.com\\\/fi\\\/uutiset\\\/radiovitsista-olympiaunelmaksi-jannen-ja-tristanin-kelkkatarina-jai-suomalaisten-sydamiin\\\/#primaryimage\"},\"image\":{\"@id\":\"https:\\\/\\\/sportotto.com\\\/fi\\\/uutiset\\\/radiovitsista-olympiaunelmaksi-jannen-ja-tristanin-kelkkatarina-jai-suomalaisten-sydamiin\\\/#primaryimage\"},\"thumbnailUrl\":\"https:\\\/\\\/sportotto.com\\\/wp-content\\\/uploads\\\/2025\\\/06\\\/RadiovitsistC3A420olympiaunelmaksi20Jannen20ja20Tristanin20kelkkatarina20jC3A4i20suomalaisten20sydC3A4miin-2025-06-25T053A023A25.699Z.jpg\",\"datePublished\":\"2025-06-25T05:02:37+00:00\",\"author\":{\"@id\":\"https:\\\/\\\/sportotto.com\\\/fi\\\/#\\\/schema\\\/person\\\/4e717e9d5e7dc8a9563d831e8eff4281\"},\"breadcrumb\":{\"@id\":\"https:\\\/\\\/sportotto.com\\\/fi\\\/uutiset\\\/radiovitsista-olympiaunelmaksi-jannen-ja-tristanin-kelkkatarina-jai-suomalaisten-sydamiin\\\/#breadcrumb\"},\"inLanguage\":\"fi\",\"potentialAction\":[{\"@type\":\"ReadAction\",\"target\":[\"https:\\\/\\\/sportotto.com\\\/fi\\\/uutiset\\\/radiovitsista-olympiaunelmaksi-jannen-ja-tristanin-kelkkatarina-jai-suomalaisten-sydamiin\\\/\"]}]},{\"@type\":\"ImageObject\",\"inLanguage\":\"fi\",\"@id\":\"https:\\\/\\\/sportotto.com\\\/fi\\\/uutiset\\\/radiovitsista-olympiaunelmaksi-jannen-ja-tristanin-kelkkatarina-jai-suomalaisten-sydamiin\\\/#primaryimage\",\"url\":\"https:\\\/\\\/sportotto.com\\\/wp-content\\\/uploads\\\/2025\\\/06\\\/RadiovitsistC3A420olympiaunelmaksi20Jannen20ja20Tristanin20kelkkatarina20jC3A4i20suomalaisten20sydC3A4miin-2025-06-25T053A023A25.699Z.jpg\",\"contentUrl\":\"https:\\\/\\\/sportotto.com\\\/wp-content\\\/uploads\\\/2025\\\/06\\\/RadiovitsistC3A420olympiaunelmaksi20Jannen20ja20Tristanin20kelkkatarina20jC3A4i20suomalaisten20sydC3A4miin-2025-06-25T053A023A25.699Z.jpg\",\"width\":1024,\"height\":1536},{\"@type\":\"BreadcrumbList\",\"@id\":\"https:\\\/\\\/sportotto.com\\\/fi\\\/uutiset\\\/radiovitsista-olympiaunelmaksi-jannen-ja-tristanin-kelkkatarina-jai-suomalaisten-sydamiin\\\/#breadcrumb\",\"itemListElement\":[{\"@type\":\"ListItem\",\"position\":1,\"name\":\"Sportotto\",\"item\":\"https:\\\/\\\/sportotto.com\\\/fi\\\/\"},{\"@type\":\"ListItem\",\"position\":2,\"name\":\"Okategoriserad\",\"item\":\"https:\\\/\\\/sportotto.com\\\/cl\\\/okategoriserad\\\/\"},{\"@type\":\"ListItem\",\"position\":3,\"name\":\"Radiovitsist\u00e4 olympiaunelmaksi Jannen ja Tristanin kelkkatarina j\u00e4i suomalaisten syd\u00e4miin\"}]},{\"@type\":\"WebSite\",\"@id\":\"https:\\\/\\\/sportotto.com\\\/fi\\\/#website\",\"url\":\"https:\\\/\\\/sportotto.com\\\/fi\\\/\",\"name\":\"Sportotto.com\",\"description\":\"All about sports betting!\",\"potentialAction\":[{\"@type\":\"SearchAction\",\"target\":{\"@type\":\"EntryPoint\",\"urlTemplate\":\"https:\\\/\\\/sportotto.com\\\/fi\\\/?s={search_term_string}\"},\"query-input\":{\"@type\":\"PropertyValueSpecification\",\"valueRequired\":true,\"valueName\":\"search_term_string\"}}],\"inLanguage\":\"fi\"},{\"@type\":\"Person\",\"@id\":\"https:\\\/\\\/sportotto.com\\\/fi\\\/#\\\/schema\\\/person\\\/4e717e9d5e7dc8a9563d831e8eff4281\",\"name\":\"Linus Jung\",\"image\":{\"@type\":\"ImageObject\",\"inLanguage\":\"fi\",\"@id\":\"https:\\\/\\\/secure.gravatar.com\\\/avatar\\\/eca1d2df4eae3f7495ac24b159d8abf4d4d395492b5e7c4c934e1b65646f8db3?s=96&d=mm&r=g\",\"url\":\"https:\\\/\\\/secure.gravatar.com\\\/avatar\\\/eca1d2df4eae3f7495ac24b159d8abf4d4d395492b5e7c4c934e1b65646f8db3?s=96&d=mm&r=g\",\"contentUrl\":\"https:\\\/\\\/secure.gravatar.com\\\/avatar\\\/eca1d2df4eae3f7495ac24b159d8abf4d4d395492b5e7c4c934e1b65646f8db3?s=96&d=mm&r=g\",\"caption\":\"Linus Jung\"}}]}<\/script>\n<!-- \/ Yoast SEO plugin. -->","yoast_head_json":{"title":"Radiovitsist\u00e4 olympiaunelmaksi Jannen ja Tristanin kelkkatarina j\u00e4i suomalaisten syd\u00e4miin - Sportotto.com","robots":{"index":"index","follow":"follow","max-snippet":"max-snippet:-1","max-image-preview":"max-image-preview:large","max-video-preview":"max-video-preview:-1"},"canonical":"https:\/\/sportotto.com\/fi\/uutiset\/radiovitsista-olympiaunelmaksi-jannen-ja-tristanin-kelkkatarina-jai-suomalaisten-sydamiin\/","og_locale":"fi_FI","og_type":"article","og_title":"Radiovitsist\u00e4 olympiaunelmaksi Jannen ja Tristanin kelkkatarina j\u00e4i suomalaisten syd\u00e4miin - Sportotto.com","og_description":"Radiovitsist\u00e4 olympiaunelmaksi Jannen ja Tristanin kelkkatarina j\u00e4i suomalaisten syd\u00e4miin T\u00e4ss\u00e4 on kertomus kahdesta tavattomasta miehest\u00e4, Janne Saarisesta ja Tristan Jeskasesta,...","og_url":"https:\/\/sportotto.com\/fi\/uutiset\/radiovitsista-olympiaunelmaksi-jannen-ja-tristanin-kelkkatarina-jai-suomalaisten-sydamiin\/","og_site_name":"Sportotto.com","article_published_time":"2025-06-25T05:02:37+00:00","author":"Linus Jung","twitter_card":"summary_large_image","twitter_misc":{"Kirjoittanut":"Linus Jung","Arvioitu lukuaika":"2 minuuttia"},"schema":{"@context":"https:\/\/schema.org","@graph":[{"@type":"Article","@id":"https:\/\/sportotto.com\/fi\/uutiset\/radiovitsista-olympiaunelmaksi-jannen-ja-tristanin-kelkkatarina-jai-suomalaisten-sydamiin\/#article","isPartOf":{"@id":"https:\/\/sportotto.com\/fi\/uutiset\/radiovitsista-olympiaunelmaksi-jannen-ja-tristanin-kelkkatarina-jai-suomalaisten-sydamiin\/"},"author":{"name":"Linus Jung","@id":"https:\/\/sportotto.com\/fi\/#\/schema\/person\/4e717e9d5e7dc8a9563d831e8eff4281"},"headline":"Radiovitsist\u00e4 olympiaunelmaksi Jannen ja Tristanin kelkkatarina j\u00e4i suomalaisten syd\u00e4miin","datePublished":"2025-06-25T05:02:37+00:00","mainEntityOfPage":{"@id":"https:\/\/sportotto.com\/fi\/uutiset\/radiovitsista-olympiaunelmaksi-jannen-ja-tristanin-kelkkatarina-jai-suomalaisten-sydamiin\/"},"wordCount":440,"commentCount":0,"image":{"@id":"https:\/\/sportotto.com\/fi\/uutiset\/radiovitsista-olympiaunelmaksi-jannen-ja-tristanin-kelkkatarina-jai-suomalaisten-sydamiin\/#primaryimage"},"thumbnailUrl":"https:\/\/sportotto.com\/wp-content\/uploads\/2025\/06\/RadiovitsistC3A420olympiaunelmaksi20Jannen20ja20Tristanin20kelkkatarina20jC3A4i20suomalaisten20sydC3A4miin-2025-06-25T053A023A25.699Z.jpg","articleSection":["Uutiset"],"inLanguage":"fi","potentialAction":[{"@type":"CommentAction","name":"Comment","target":["https:\/\/sportotto.com\/fi\/uutiset\/radiovitsista-olympiaunelmaksi-jannen-ja-tristanin-kelkkatarina-jai-suomalaisten-sydamiin\/#respond"]}]},{"@type":"WebPage","@id":"https:\/\/sportotto.com\/fi\/uutiset\/radiovitsista-olympiaunelmaksi-jannen-ja-tristanin-kelkkatarina-jai-suomalaisten-sydamiin\/","url":"https:\/\/sportotto.com\/fi\/uutiset\/radiovitsista-olympiaunelmaksi-jannen-ja-tristanin-kelkkatarina-jai-suomalaisten-sydamiin\/","name":"Radiovitsist\u00e4 olympiaunelmaksi Jannen ja Tristanin kelkkatarina j\u00e4i suomalaisten syd\u00e4miin - Sportotto.com","isPartOf":{"@id":"https:\/\/sportotto.com\/fi\/#website"},"primaryImageOfPage":{"@id":"https:\/\/sportotto.com\/fi\/uutiset\/radiovitsista-olympiaunelmaksi-jannen-ja-tristanin-kelkkatarina-jai-suomalaisten-sydamiin\/#primaryimage"},"image":{"@id":"https:\/\/sportotto.com\/fi\/uutiset\/radiovitsista-olympiaunelmaksi-jannen-ja-tristanin-kelkkatarina-jai-suomalaisten-sydamiin\/#primaryimage"},"thumbnailUrl":"https:\/\/sportotto.com\/wp-content\/uploads\/2025\/06\/RadiovitsistC3A420olympiaunelmaksi20Jannen20ja20Tristanin20kelkkatarina20jC3A4i20suomalaisten20sydC3A4miin-2025-06-25T053A023A25.699Z.jpg","datePublished":"2025-06-25T05:02:37+00:00","author":{"@id":"https:\/\/sportotto.com\/fi\/#\/schema\/person\/4e717e9d5e7dc8a9563d831e8eff4281"},"breadcrumb":{"@id":"https:\/\/sportotto.com\/fi\/uutiset\/radiovitsista-olympiaunelmaksi-jannen-ja-tristanin-kelkkatarina-jai-suomalaisten-sydamiin\/#breadcrumb"},"inLanguage":"fi","potentialAction":[{"@type":"ReadAction","target":["https:\/\/sportotto.com\/fi\/uutiset\/radiovitsista-olympiaunelmaksi-jannen-ja-tristanin-kelkkatarina-jai-suomalaisten-sydamiin\/"]}]},{"@type":"ImageObject","inLanguage":"fi","@id":"https:\/\/sportotto.com\/fi\/uutiset\/radiovitsista-olympiaunelmaksi-jannen-ja-tristanin-kelkkatarina-jai-suomalaisten-sydamiin\/#primaryimage","url":"https:\/\/sportotto.com\/wp-content\/uploads\/2025\/06\/RadiovitsistC3A420olympiaunelmaksi20Jannen20ja20Tristanin20kelkkatarina20jC3A4i20suomalaisten20sydC3A4miin-2025-06-25T053A023A25.699Z.jpg","contentUrl":"https:\/\/sportotto.com\/wp-content\/uploads\/2025\/06\/RadiovitsistC3A420olympiaunelmaksi20Jannen20ja20Tristanin20kelkkatarina20jC3A4i20suomalaisten20sydC3A4miin-2025-06-25T053A023A25.699Z.jpg","width":1024,"height":1536},{"@type":"BreadcrumbList","@id":"https:\/\/sportotto.com\/fi\/uutiset\/radiovitsista-olympiaunelmaksi-jannen-ja-tristanin-kelkkatarina-jai-suomalaisten-sydamiin\/#breadcrumb","itemListElement":[{"@type":"ListItem","position":1,"name":"Sportotto","item":"https:\/\/sportotto.com\/fi\/"},{"@type":"ListItem","position":2,"name":"Okategoriserad","item":"https:\/\/sportotto.com\/cl\/okategoriserad\/"},{"@type":"ListItem","position":3,"name":"Radiovitsist\u00e4 olympiaunelmaksi Jannen ja Tristanin kelkkatarina j\u00e4i suomalaisten syd\u00e4miin"}]},{"@type":"WebSite","@id":"https:\/\/sportotto.com\/fi\/#website","url":"https:\/\/sportotto.com\/fi\/","name":"Sportotto.com","description":"All about sports betting!","potentialAction":[{"@type":"SearchAction","target":{"@type":"EntryPoint","urlTemplate":"https:\/\/sportotto.com\/fi\/?s={search_term_string}"},"query-input":{"@type":"PropertyValueSpecification","valueRequired":true,"valueName":"search_term_string"}}],"inLanguage":"fi"},{"@type":"Person","@id":"https:\/\/sportotto.com\/fi\/#\/schema\/person\/4e717e9d5e7dc8a9563d831e8eff4281","name":"Linus Jung","image":{"@type":"ImageObject","inLanguage":"fi","@id":"https:\/\/secure.gravatar.com\/avatar\/eca1d2df4eae3f7495ac24b159d8abf4d4d395492b5e7c4c934e1b65646f8db3?s=96&d=mm&r=g","url":"https:\/\/secure.gravatar.com\/avatar\/eca1d2df4eae3f7495ac24b159d8abf4d4d395492b5e7c4c934e1b65646f8db3?s=96&d=mm&r=g","contentUrl":"https:\/\/secure.gravatar.com\/avatar\/eca1d2df4eae3f7495ac24b159d8abf4d4d395492b5e7c4c934e1b65646f8db3?s=96&d=mm&r=g","caption":"Linus Jung"}}]}},"_links":{"self":[{"href":"https:\/\/sportotto.com\/fi\/wp-json\/wp\/v2\/posts\/876","targetHints":{"allow":["GET"]}}],"collection":[{"href":"https:\/\/sportotto.com\/fi\/wp-json\/wp\/v2\/posts"}],"about":[{"href":"https:\/\/sportotto.com\/fi\/wp-json\/wp\/v2\/types\/post"}],"author":[{"embeddable":true,"href":"https:\/\/sportotto.com\/fi\/wp-json\/wp\/v2\/users\/7"}],"replies":[{"embeddable":true,"href":"https:\/\/sportotto.com\/fi\/wp-json\/wp\/v2\/comments?post=876"}],"version-history":[{"count":0,"href":"https:\/\/sportotto.com\/fi\/wp-json\/wp\/v2\/posts\/876\/revisions"}],"wp:featuredmedia":[{"embeddable":true,"href":"https:\/\/sportotto.com\/fi\/wp-json\/wp\/v2\/media\/872"}],"wp:attachment":[{"href":"https:\/\/sportotto.com\/fi\/wp-json\/wp\/v2\/media?parent=876"}],"wp:term":[{"taxonomy":"category","embeddable":true,"href":"https:\/\/sportotto.com\/fi\/wp-json\/wp\/v2\/categories?post=876"},{"taxonomy":"post_tag","embeddable":true,"href":"https:\/\/sportotto.com\/fi\/wp-json\/wp\/v2\/tags?post=876"}],"curies":[{"name":"wp","href":"https:\/\/api.w.org\/{rel}","templated":true}]}}