{"id":901,"date":"2025-06-30T05:02:32","date_gmt":"2025-06-30T05:02:32","guid":{"rendered":"https:\/\/sportotto.com\/okategoriserad\/pablo-garcia-loisti-historiallisessa-maalijuhlassa-espanja-eteni-trillerifinaaliin-hollantia-vastaan-u19-em-kisoissa\/"},"modified":"2025-06-30T05:02:32","modified_gmt":"2025-06-30T05:02:32","slug":"pablo-garcia-loisti-historiallisessa-maalijuhlassa-espanja-eteni-trillerifinaaliin-hollantia-vastaan-u19-em-kisoissa","status":"publish","type":"post","link":"https:\/\/sportotto.com\/fi\/uutiset\/pablo-garcia-loisti-historiallisessa-maalijuhlassa-espanja-eteni-trillerifinaaliin-hollantia-vastaan-u19-em-kisoissa\/","title":{"rendered":"Pablo Garcia loisti historiallisessa maalijuhlassa \u2013 Espanja eteni trillerifinaaliin Hollantia vastaan U19 EM-kisoissa"},"content":{"rendered":"<h1>Pablo Garcia loisti historiallisessa maalijuhlassa \u2013 Espanja eteni trillerifinaaliin Hollantia vastaan U19 EM-kisoissa<\/h1>\n<p><strong>Yksi niist\u00e4 illoista, joita jalkapallo ei koskaan unohda<\/strong> \u2013 juuri sellainen koettiin Bukarestissa, l\u00e4mpim\u00e4n\u00e4 maanantai-iltana, kun Espanjan ja Saksan U19-joukkueet tarjosivat todellisen spektaakkelin EM-kisojen v\u00e4lier\u00e4ss\u00e4. Ottelu, joka p\u00e4\u00e4ttyi Espanjan 6\u20135-voittoon jatkoajan j\u00e4lkeen, ei ollut vain peli \u2013 se oli draama, trilleri ja historiaa tekev\u00e4 tapahtuma.<\/p>\n<p><strong>Pablo Garcia<\/strong>, nuori hy\u00f6kk\u00e4\u00e4j\u00e4lupaus Real Betisist\u00e4, nousi pelin suurimmaksi t\u00e4hdeksi. H\u00e4n viimeisteli nelj\u00e4 maalia ja tarjoili yhden maalisy\u00f6t\u00f6n, tehden ottelussa historiaa: kukaan pelaaja ei ollut aiemmin tehnyt nelj\u00e4\u00e4 maalia U19 EM -v\u00e4lier\u00e4ss\u00e4. Viel\u00e4 merkitt\u00e4v\u00e4mp\u00e4\u00e4 oli se, ett\u00e4 h\u00e4nen viimeinen maalinsa syntyi sekunteja ennen loppuvihellyst\u00e4, vieden joukkueensa finaaliin.<\/p>\n<h2>Villi ottelu t\u00e4ynn\u00e4 k\u00e4\u00e4nteit\u00e4<\/h2>\n<p>Peli oli uskomattoman aaltoileva. Kun Saksa johti 78. minuutilla 2\u20131, n\u00e4ytti ottelu olevan ratkeamassa. Mutta loppu oli kaikkea muuta kuin tavallinen:<\/p>\n<ul>\n<li>8 maalia viimeisen 42 minuutin aikana<\/li>\n<li>3 osumaa lis\u00e4ajalla<\/li>\n<li>2 maalia jatkoajalla<\/li>\n<\/ul>\n<p>Joka kerta kun Saksa n\u00e4ytti viev\u00e4n peli\u00e4, Espanja nousi takaisin. T\u00e4llainen tahto ja kyky vastata haasteeseen tekee t\u00e4st\u00e4 ottelusta niin ikimuistoisen.<\/p>\n<h2>Henkil\u00f6kohtaiset sankarit \u2013 mutta yksi loistaa kirkkaimpana<\/h2>\n<p>Saksan hy\u00f6kk\u00e4\u00e4j\u00e4 <strong>Max Moerstedt<\/strong> pelasi kenties uransa parhaan pelin hattutempullaan. H\u00e4nen viimeistelyns\u00e4 oli kylm\u00e4hermoista ja kliinist\u00e4. Silti valokeila kuului Pablo Garcialle, jonka esitys oli kuin elokuvasta \u2013 t\u00e4ynn\u00e4 intensiteetti\u00e4, taitoa ja draamaa.<\/p>\n<h2>Finaali kutsuu \u2013 Espanja vs Hollanti<\/h2>\n<p>Torstain finaalissa vastassa on Hollanti, joka kukisti kisais\u00e4nt\u00e4 Romanian vakuuttavasti 3\u20131. Heid\u00e4n hy\u00f6kk\u00e4yst\u00e4\u00e4n johtaa PSV:n lahjakkuus <strong>Jason van Duiven<\/strong>. Luvassa on siis todellinen nuorten supert\u00e4htien kohtaaminen.<\/p>\n<ol>\n<li><strong>Pablo Garcia:<\/strong> 4 maalia, 1 sy\u00f6tt\u00f6 \u2013 ilta, joka muutti kaiken<\/li>\n<li><strong>Max Moerstedt:<\/strong> Hattutemppu, mutta j\u00e4i varjoon<\/li>\n<li>Uskomaton loppu \u2013 8 maalia ajalla 78.\u2013120.<\/li>\n<li>Tuleva finaali: Espanja vs Hollanti<\/li>\n<\/ol>\n<h2>Mik\u00e4 teki t\u00e4st\u00e4 illasta niin erityisen?<\/h2>\n<p>T\u00e4llaiset ottelut muistuttavat, mist\u00e4 jalkapallo oikeasti el\u00e4\u00e4. Se ei ole vain taktiikkaa ja numeroita \u2013 vaan <strong>tunnetta, yll\u00e4tyksi\u00e4 ja hetki\u00e4<\/strong>, jotka j\u00e4\u00e4v\u00e4t mieleen vuosiksi. Bukarestin ilta oli t\u00e4ynn\u00e4 juuri niit\u00e4.<\/p>\n<p>Espanjan voitto oli paljon enemm\u00e4n kuin finaalipaikka. Se oli kunnianhimoa, kypsyytt\u00e4 ja selv\u00e4 osoitus siit\u00e4, miksi heid\u00e4n juniorij\u00e4rjestelm\u00e4\u00e4ns\u00e4 ihaillaan Euroopan laajuisesti. Ottelu tarjosi meille vilauksen tulevaisuuden jalkapallosta \u2013 ja se n\u00e4ytt\u00e4\u00e4 lupaavalta, ainakin jos Pablo Garcia on siit\u00e4 esimerkkin\u00e4.<\/p>\n<p>Torstain finaalissa kaikki ratkeaa. Mutta se, mit\u00e4 tapahtui maanantaina, j\u00e4\u00e4 jo nyt historiaan. Jos et n\u00e4hnyt peli\u00e4 \u2013 sit\u00e4 on vaikea uskoa. Mutta ne, jotka katsoivat, tiet\u00e4v\u00e4t: he eliv\u00e4t yht\u00e4 jalkapallon unohtumatonta iltaa.<\/p>\n","protected":false},"excerpt":{"rendered":"<p>Pablo Garcia loisti historiallisessa maalijuhlassa \u2013 Espanja eteni trillerifinaaliin Hollantia vastaan U19 EM-kisoissa Yksi niist\u00e4 illoista, joita jalkapallo ei koskaan&#8230;<\/p>\n","protected":false},"author":7,"featured_media":897,"comment_status":"open","ping_status":"open","sticky":false,"template":"","format":"standard","meta":{"_acf_changed":false,"footnotes":""},"categories":[37],"tags":[],"class_list":["post-901","post","type-post","status-publish","format-standard","has-post-thumbnail","hentry","category-uutiset"],"acf":[],"yoast_head":"<!-- This site is optimized with the Yoast SEO plugin v27.4 - https:\/\/yoast.com\/product\/yoast-seo-wordpress\/ -->\n<title>Pablo Garcia loisti historiallisessa maalijuhlassa \u2013 Espanja eteni trillerifinaaliin Hollantia vastaan U19 EM-kisoissa - Sportotto.com<\/title>\n<meta name=\"robots\" content=\"index, follow, max-snippet:-1, max-image-preview:large, max-video-preview:-1\" \/>\n<link rel=\"canonical\" href=\"https:\/\/sportotto.com\/fi\/uutiset\/pablo-garcia-loisti-historiallisessa-maalijuhlassa-espanja-eteni-trillerifinaaliin-hollantia-vastaan-u19-em-kisoissa\/\" \/>\n<meta property=\"og:locale\" content=\"fi_FI\" \/>\n<meta property=\"og:type\" content=\"article\" \/>\n<meta property=\"og:title\" content=\"Pablo Garcia loisti historiallisessa maalijuhlassa \u2013 Espanja eteni trillerifinaaliin Hollantia vastaan U19 EM-kisoissa - Sportotto.com\" \/>\n<meta property=\"og:description\" content=\"Pablo Garcia loisti historiallisessa maalijuhlassa \u2013 Espanja eteni trillerifinaaliin Hollantia vastaan U19 EM-kisoissa Yksi niist\u00e4 illoista, joita jalkapallo ei koskaan...\" \/>\n<meta property=\"og:url\" content=\"https:\/\/sportotto.com\/fi\/uutiset\/pablo-garcia-loisti-historiallisessa-maalijuhlassa-espanja-eteni-trillerifinaaliin-hollantia-vastaan-u19-em-kisoissa\/\" \/>\n<meta property=\"og:site_name\" content=\"Sportotto.com\" \/>\n<meta property=\"article:published_time\" content=\"2025-06-30T05:02:32+00:00\" \/>\n<meta name=\"author\" content=\"Linus Jung\" \/>\n<meta name=\"twitter:card\" content=\"summary_large_image\" \/>\n<meta name=\"twitter:label1\" content=\"Kirjoittanut\" \/>\n\t<meta name=\"twitter:data1\" content=\"Linus Jung\" \/>\n\t<meta name=\"twitter:label2\" content=\"Arvioitu lukuaika\" \/>\n\t<meta name=\"twitter:data2\" content=\"2 minuuttia\" \/>\n<script type=\"application\/ld+json\" class=\"yoast-schema-graph\">{\"@context\":\"https:\\\/\\\/schema.org\",\"@graph\":[{\"@type\":\"Article\",\"@id\":\"https:\\\/\\\/sportotto.com\\\/fi\\\/uutiset\\\/pablo-garcia-loisti-historiallisessa-maalijuhlassa-espanja-eteni-trillerifinaaliin-hollantia-vastaan-u19-em-kisoissa\\\/#article\",\"isPartOf\":{\"@id\":\"https:\\\/\\\/sportotto.com\\\/fi\\\/uutiset\\\/pablo-garcia-loisti-historiallisessa-maalijuhlassa-espanja-eteni-trillerifinaaliin-hollantia-vastaan-u19-em-kisoissa\\\/\"},\"author\":{\"name\":\"Linus Jung\",\"@id\":\"https:\\\/\\\/sportotto.com\\\/fi\\\/#\\\/schema\\\/person\\\/4e717e9d5e7dc8a9563d831e8eff4281\"},\"headline\":\"Pablo Garcia loisti historiallisessa maalijuhlassa \u2013 Espanja eteni trillerifinaaliin Hollantia vastaan U19 EM-kisoissa\",\"datePublished\":\"2025-06-30T05:02:32+00:00\",\"mainEntityOfPage\":{\"@id\":\"https:\\\/\\\/sportotto.com\\\/fi\\\/uutiset\\\/pablo-garcia-loisti-historiallisessa-maalijuhlassa-espanja-eteni-trillerifinaaliin-hollantia-vastaan-u19-em-kisoissa\\\/\"},\"wordCount\":418,\"commentCount\":0,\"image\":{\"@id\":\"https:\\\/\\\/sportotto.com\\\/fi\\\/uutiset\\\/pablo-garcia-loisti-historiallisessa-maalijuhlassa-espanja-eteni-trillerifinaaliin-hollantia-vastaan-u19-em-kisoissa\\\/#primaryimage\"},\"thumbnailUrl\":\"https:\\\/\\\/sportotto.com\\\/wp-content\\\/uploads\\\/2025\\\/06\\\/Pablo20Garcia20loisti20historiallisessa20maalijuhlassa20E2809320Espanja20eteni20trillerifinaaliin20Hollantia20vastaan20U1920EM-kisoissa-2025-06-30T053A023A19.378Z.jpg\",\"articleSection\":[\"Uutiset\"],\"inLanguage\":\"fi\",\"potentialAction\":[{\"@type\":\"CommentAction\",\"name\":\"Comment\",\"target\":[\"https:\\\/\\\/sportotto.com\\\/fi\\\/uutiset\\\/pablo-garcia-loisti-historiallisessa-maalijuhlassa-espanja-eteni-trillerifinaaliin-hollantia-vastaan-u19-em-kisoissa\\\/#respond\"]}]},{\"@type\":\"WebPage\",\"@id\":\"https:\\\/\\\/sportotto.com\\\/fi\\\/uutiset\\\/pablo-garcia-loisti-historiallisessa-maalijuhlassa-espanja-eteni-trillerifinaaliin-hollantia-vastaan-u19-em-kisoissa\\\/\",\"url\":\"https:\\\/\\\/sportotto.com\\\/fi\\\/uutiset\\\/pablo-garcia-loisti-historiallisessa-maalijuhlassa-espanja-eteni-trillerifinaaliin-hollantia-vastaan-u19-em-kisoissa\\\/\",\"name\":\"Pablo Garcia loisti historiallisessa maalijuhlassa \u2013 Espanja eteni trillerifinaaliin Hollantia vastaan U19 EM-kisoissa - Sportotto.com\",\"isPartOf\":{\"@id\":\"https:\\\/\\\/sportotto.com\\\/fi\\\/#website\"},\"primaryImageOfPage\":{\"@id\":\"https:\\\/\\\/sportotto.com\\\/fi\\\/uutiset\\\/pablo-garcia-loisti-historiallisessa-maalijuhlassa-espanja-eteni-trillerifinaaliin-hollantia-vastaan-u19-em-kisoissa\\\/#primaryimage\"},\"image\":{\"@id\":\"https:\\\/\\\/sportotto.com\\\/fi\\\/uutiset\\\/pablo-garcia-loisti-historiallisessa-maalijuhlassa-espanja-eteni-trillerifinaaliin-hollantia-vastaan-u19-em-kisoissa\\\/#primaryimage\"},\"thumbnailUrl\":\"https:\\\/\\\/sportotto.com\\\/wp-content\\\/uploads\\\/2025\\\/06\\\/Pablo20Garcia20loisti20historiallisessa20maalijuhlassa20E2809320Espanja20eteni20trillerifinaaliin20Hollantia20vastaan20U1920EM-kisoissa-2025-06-30T053A023A19.378Z.jpg\",\"datePublished\":\"2025-06-30T05:02:32+00:00\",\"author\":{\"@id\":\"https:\\\/\\\/sportotto.com\\\/fi\\\/#\\\/schema\\\/person\\\/4e717e9d5e7dc8a9563d831e8eff4281\"},\"breadcrumb\":{\"@id\":\"https:\\\/\\\/sportotto.com\\\/fi\\\/uutiset\\\/pablo-garcia-loisti-historiallisessa-maalijuhlassa-espanja-eteni-trillerifinaaliin-hollantia-vastaan-u19-em-kisoissa\\\/#breadcrumb\"},\"inLanguage\":\"fi\",\"potentialAction\":[{\"@type\":\"ReadAction\",\"target\":[\"https:\\\/\\\/sportotto.com\\\/fi\\\/uutiset\\\/pablo-garcia-loisti-historiallisessa-maalijuhlassa-espanja-eteni-trillerifinaaliin-hollantia-vastaan-u19-em-kisoissa\\\/\"]}]},{\"@type\":\"ImageObject\",\"inLanguage\":\"fi\",\"@id\":\"https:\\\/\\\/sportotto.com\\\/fi\\\/uutiset\\\/pablo-garcia-loisti-historiallisessa-maalijuhlassa-espanja-eteni-trillerifinaaliin-hollantia-vastaan-u19-em-kisoissa\\\/#primaryimage\",\"url\":\"https:\\\/\\\/sportotto.com\\\/wp-content\\\/uploads\\\/2025\\\/06\\\/Pablo20Garcia20loisti20historiallisessa20maalijuhlassa20E2809320Espanja20eteni20trillerifinaaliin20Hollantia20vastaan20U1920EM-kisoissa-2025-06-30T053A023A19.378Z.jpg\",\"contentUrl\":\"https:\\\/\\\/sportotto.com\\\/wp-content\\\/uploads\\\/2025\\\/06\\\/Pablo20Garcia20loisti20historiallisessa20maalijuhlassa20E2809320Espanja20eteni20trillerifinaaliin20Hollantia20vastaan20U1920EM-kisoissa-2025-06-30T053A023A19.378Z.jpg\",\"width\":1024,\"height\":1024},{\"@type\":\"BreadcrumbList\",\"@id\":\"https:\\\/\\\/sportotto.com\\\/fi\\\/uutiset\\\/pablo-garcia-loisti-historiallisessa-maalijuhlassa-espanja-eteni-trillerifinaaliin-hollantia-vastaan-u19-em-kisoissa\\\/#breadcrumb\",\"itemListElement\":[{\"@type\":\"ListItem\",\"position\":1,\"name\":\"Sportotto\",\"item\":\"https:\\\/\\\/sportotto.com\\\/fi\\\/\"},{\"@type\":\"ListItem\",\"position\":2,\"name\":\"Okategoriserad\",\"item\":\"https:\\\/\\\/sportotto.com\\\/cl\\\/okategoriserad\\\/\"},{\"@type\":\"ListItem\",\"position\":3,\"name\":\"Pablo Garcia loisti historiallisessa maalijuhlassa \u2013 Espanja eteni trillerifinaaliin Hollantia vastaan U19 EM-kisoissa\"}]},{\"@type\":\"WebSite\",\"@id\":\"https:\\\/\\\/sportotto.com\\\/fi\\\/#website\",\"url\":\"https:\\\/\\\/sportotto.com\\\/fi\\\/\",\"name\":\"Sportotto.com\",\"description\":\"All about sports betting!\",\"potentialAction\":[{\"@type\":\"SearchAction\",\"target\":{\"@type\":\"EntryPoint\",\"urlTemplate\":\"https:\\\/\\\/sportotto.com\\\/fi\\\/?s={search_term_string}\"},\"query-input\":{\"@type\":\"PropertyValueSpecification\",\"valueRequired\":true,\"valueName\":\"search_term_string\"}}],\"inLanguage\":\"fi\"},{\"@type\":\"Person\",\"@id\":\"https:\\\/\\\/sportotto.com\\\/fi\\\/#\\\/schema\\\/person\\\/4e717e9d5e7dc8a9563d831e8eff4281\",\"name\":\"Linus Jung\",\"image\":{\"@type\":\"ImageObject\",\"inLanguage\":\"fi\",\"@id\":\"https:\\\/\\\/secure.gravatar.com\\\/avatar\\\/eca1d2df4eae3f7495ac24b159d8abf4d4d395492b5e7c4c934e1b65646f8db3?s=96&d=mm&r=g\",\"url\":\"https:\\\/\\\/secure.gravatar.com\\\/avatar\\\/eca1d2df4eae3f7495ac24b159d8abf4d4d395492b5e7c4c934e1b65646f8db3?s=96&d=mm&r=g\",\"contentUrl\":\"https:\\\/\\\/secure.gravatar.com\\\/avatar\\\/eca1d2df4eae3f7495ac24b159d8abf4d4d395492b5e7c4c934e1b65646f8db3?s=96&d=mm&r=g\",\"caption\":\"Linus Jung\"}}]}<\/script>\n<!-- \/ Yoast SEO plugin. -->","yoast_head_json":{"title":"Pablo Garcia loisti historiallisessa maalijuhlassa \u2013 Espanja eteni trillerifinaaliin Hollantia vastaan U19 EM-kisoissa - Sportotto.com","robots":{"index":"index","follow":"follow","max-snippet":"max-snippet:-1","max-image-preview":"max-image-preview:large","max-video-preview":"max-video-preview:-1"},"canonical":"https:\/\/sportotto.com\/fi\/uutiset\/pablo-garcia-loisti-historiallisessa-maalijuhlassa-espanja-eteni-trillerifinaaliin-hollantia-vastaan-u19-em-kisoissa\/","og_locale":"fi_FI","og_type":"article","og_title":"Pablo Garcia loisti historiallisessa maalijuhlassa \u2013 Espanja eteni trillerifinaaliin Hollantia vastaan U19 EM-kisoissa - Sportotto.com","og_description":"Pablo Garcia loisti historiallisessa maalijuhlassa \u2013 Espanja eteni trillerifinaaliin Hollantia vastaan U19 EM-kisoissa Yksi niist\u00e4 illoista, joita jalkapallo ei koskaan...","og_url":"https:\/\/sportotto.com\/fi\/uutiset\/pablo-garcia-loisti-historiallisessa-maalijuhlassa-espanja-eteni-trillerifinaaliin-hollantia-vastaan-u19-em-kisoissa\/","og_site_name":"Sportotto.com","article_published_time":"2025-06-30T05:02:32+00:00","author":"Linus Jung","twitter_card":"summary_large_image","twitter_misc":{"Kirjoittanut":"Linus Jung","Arvioitu lukuaika":"2 minuuttia"},"schema":{"@context":"https:\/\/schema.org","@graph":[{"@type":"Article","@id":"https:\/\/sportotto.com\/fi\/uutiset\/pablo-garcia-loisti-historiallisessa-maalijuhlassa-espanja-eteni-trillerifinaaliin-hollantia-vastaan-u19-em-kisoissa\/#article","isPartOf":{"@id":"https:\/\/sportotto.com\/fi\/uutiset\/pablo-garcia-loisti-historiallisessa-maalijuhlassa-espanja-eteni-trillerifinaaliin-hollantia-vastaan-u19-em-kisoissa\/"},"author":{"name":"Linus Jung","@id":"https:\/\/sportotto.com\/fi\/#\/schema\/person\/4e717e9d5e7dc8a9563d831e8eff4281"},"headline":"Pablo Garcia loisti historiallisessa maalijuhlassa \u2013 Espanja eteni trillerifinaaliin Hollantia vastaan U19 EM-kisoissa","datePublished":"2025-06-30T05:02:32+00:00","mainEntityOfPage":{"@id":"https:\/\/sportotto.com\/fi\/uutiset\/pablo-garcia-loisti-historiallisessa-maalijuhlassa-espanja-eteni-trillerifinaaliin-hollantia-vastaan-u19-em-kisoissa\/"},"wordCount":418,"commentCount":0,"image":{"@id":"https:\/\/sportotto.com\/fi\/uutiset\/pablo-garcia-loisti-historiallisessa-maalijuhlassa-espanja-eteni-trillerifinaaliin-hollantia-vastaan-u19-em-kisoissa\/#primaryimage"},"thumbnailUrl":"https:\/\/sportotto.com\/wp-content\/uploads\/2025\/06\/Pablo20Garcia20loisti20historiallisessa20maalijuhlassa20E2809320Espanja20eteni20trillerifinaaliin20Hollantia20vastaan20U1920EM-kisoissa-2025-06-30T053A023A19.378Z.jpg","articleSection":["Uutiset"],"inLanguage":"fi","potentialAction":[{"@type":"CommentAction","name":"Comment","target":["https:\/\/sportotto.com\/fi\/uutiset\/pablo-garcia-loisti-historiallisessa-maalijuhlassa-espanja-eteni-trillerifinaaliin-hollantia-vastaan-u19-em-kisoissa\/#respond"]}]},{"@type":"WebPage","@id":"https:\/\/sportotto.com\/fi\/uutiset\/pablo-garcia-loisti-historiallisessa-maalijuhlassa-espanja-eteni-trillerifinaaliin-hollantia-vastaan-u19-em-kisoissa\/","url":"https:\/\/sportotto.com\/fi\/uutiset\/pablo-garcia-loisti-historiallisessa-maalijuhlassa-espanja-eteni-trillerifinaaliin-hollantia-vastaan-u19-em-kisoissa\/","name":"Pablo Garcia loisti historiallisessa maalijuhlassa \u2013 Espanja eteni trillerifinaaliin Hollantia vastaan U19 EM-kisoissa - Sportotto.com","isPartOf":{"@id":"https:\/\/sportotto.com\/fi\/#website"},"primaryImageOfPage":{"@id":"https:\/\/sportotto.com\/fi\/uutiset\/pablo-garcia-loisti-historiallisessa-maalijuhlassa-espanja-eteni-trillerifinaaliin-hollantia-vastaan-u19-em-kisoissa\/#primaryimage"},"image":{"@id":"https:\/\/sportotto.com\/fi\/uutiset\/pablo-garcia-loisti-historiallisessa-maalijuhlassa-espanja-eteni-trillerifinaaliin-hollantia-vastaan-u19-em-kisoissa\/#primaryimage"},"thumbnailUrl":"https:\/\/sportotto.com\/wp-content\/uploads\/2025\/06\/Pablo20Garcia20loisti20historiallisessa20maalijuhlassa20E2809320Espanja20eteni20trillerifinaaliin20Hollantia20vastaan20U1920EM-kisoissa-2025-06-30T053A023A19.378Z.jpg","datePublished":"2025-06-30T05:02:32+00:00","author":{"@id":"https:\/\/sportotto.com\/fi\/#\/schema\/person\/4e717e9d5e7dc8a9563d831e8eff4281"},"breadcrumb":{"@id":"https:\/\/sportotto.com\/fi\/uutiset\/pablo-garcia-loisti-historiallisessa-maalijuhlassa-espanja-eteni-trillerifinaaliin-hollantia-vastaan-u19-em-kisoissa\/#breadcrumb"},"inLanguage":"fi","potentialAction":[{"@type":"ReadAction","target":["https:\/\/sportotto.com\/fi\/uutiset\/pablo-garcia-loisti-historiallisessa-maalijuhlassa-espanja-eteni-trillerifinaaliin-hollantia-vastaan-u19-em-kisoissa\/"]}]},{"@type":"ImageObject","inLanguage":"fi","@id":"https:\/\/sportotto.com\/fi\/uutiset\/pablo-garcia-loisti-historiallisessa-maalijuhlassa-espanja-eteni-trillerifinaaliin-hollantia-vastaan-u19-em-kisoissa\/#primaryimage","url":"https:\/\/sportotto.com\/wp-content\/uploads\/2025\/06\/Pablo20Garcia20loisti20historiallisessa20maalijuhlassa20E2809320Espanja20eteni20trillerifinaaliin20Hollantia20vastaan20U1920EM-kisoissa-2025-06-30T053A023A19.378Z.jpg","contentUrl":"https:\/\/sportotto.com\/wp-content\/uploads\/2025\/06\/Pablo20Garcia20loisti20historiallisessa20maalijuhlassa20E2809320Espanja20eteni20trillerifinaaliin20Hollantia20vastaan20U1920EM-kisoissa-2025-06-30T053A023A19.378Z.jpg","width":1024,"height":1024},{"@type":"BreadcrumbList","@id":"https:\/\/sportotto.com\/fi\/uutiset\/pablo-garcia-loisti-historiallisessa-maalijuhlassa-espanja-eteni-trillerifinaaliin-hollantia-vastaan-u19-em-kisoissa\/#breadcrumb","itemListElement":[{"@type":"ListItem","position":1,"name":"Sportotto","item":"https:\/\/sportotto.com\/fi\/"},{"@type":"ListItem","position":2,"name":"Okategoriserad","item":"https:\/\/sportotto.com\/cl\/okategoriserad\/"},{"@type":"ListItem","position":3,"name":"Pablo Garcia loisti historiallisessa maalijuhlassa \u2013 Espanja eteni trillerifinaaliin Hollantia vastaan U19 EM-kisoissa"}]},{"@type":"WebSite","@id":"https:\/\/sportotto.com\/fi\/#website","url":"https:\/\/sportotto.com\/fi\/","name":"Sportotto.com","description":"All about sports betting!","potentialAction":[{"@type":"SearchAction","target":{"@type":"EntryPoint","urlTemplate":"https:\/\/sportotto.com\/fi\/?s={search_term_string}"},"query-input":{"@type":"PropertyValueSpecification","valueRequired":true,"valueName":"search_term_string"}}],"inLanguage":"fi"},{"@type":"Person","@id":"https:\/\/sportotto.com\/fi\/#\/schema\/person\/4e717e9d5e7dc8a9563d831e8eff4281","name":"Linus Jung","image":{"@type":"ImageObject","inLanguage":"fi","@id":"https:\/\/secure.gravatar.com\/avatar\/eca1d2df4eae3f7495ac24b159d8abf4d4d395492b5e7c4c934e1b65646f8db3?s=96&d=mm&r=g","url":"https:\/\/secure.gravatar.com\/avatar\/eca1d2df4eae3f7495ac24b159d8abf4d4d395492b5e7c4c934e1b65646f8db3?s=96&d=mm&r=g","contentUrl":"https:\/\/secure.gravatar.com\/avatar\/eca1d2df4eae3f7495ac24b159d8abf4d4d395492b5e7c4c934e1b65646f8db3?s=96&d=mm&r=g","caption":"Linus Jung"}}]}},"_links":{"self":[{"href":"https:\/\/sportotto.com\/fi\/wp-json\/wp\/v2\/posts\/901","targetHints":{"allow":["GET"]}}],"collection":[{"href":"https:\/\/sportotto.com\/fi\/wp-json\/wp\/v2\/posts"}],"about":[{"href":"https:\/\/sportotto.com\/fi\/wp-json\/wp\/v2\/types\/post"}],"author":[{"embeddable":true,"href":"https:\/\/sportotto.com\/fi\/wp-json\/wp\/v2\/users\/7"}],"replies":[{"embeddable":true,"href":"https:\/\/sportotto.com\/fi\/wp-json\/wp\/v2\/comments?post=901"}],"version-history":[{"count":0,"href":"https:\/\/sportotto.com\/fi\/wp-json\/wp\/v2\/posts\/901\/revisions"}],"wp:featuredmedia":[{"embeddable":true,"href":"https:\/\/sportotto.com\/fi\/wp-json\/wp\/v2\/media\/897"}],"wp:attachment":[{"href":"https:\/\/sportotto.com\/fi\/wp-json\/wp\/v2\/media?parent=901"}],"wp:term":[{"taxonomy":"category","embeddable":true,"href":"https:\/\/sportotto.com\/fi\/wp-json\/wp\/v2\/categories?post=901"},{"taxonomy":"post_tag","embeddable":true,"href":"https:\/\/sportotto.com\/fi\/wp-json\/wp\/v2\/tags?post=901"}],"curies":[{"name":"wp","href":"https:\/\/api.w.org\/{rel}","templated":true}]}}