{"id":911,"date":"2025-07-02T05:02:27","date_gmt":"2025-07-02T05:02:27","guid":{"rendered":"https:\/\/sportotto.com\/okategoriserad\/helmarien-tahdet-nayttavat-sitkeytensa-kuikka-ja-rantala-valmiina-em-kisoihin-loukkaantumisten-jalkeen\/"},"modified":"2025-07-02T05:02:27","modified_gmt":"2025-07-02T05:02:27","slug":"helmarien-tahdet-nayttavat-sitkeytensa-kuikka-ja-rantala-valmiina-em-kisoihin-loukkaantumisten-jalkeen","status":"publish","type":"post","link":"https:\/\/sportotto.com\/fi\/uutiset\/helmarien-tahdet-nayttavat-sitkeytensa-kuikka-ja-rantala-valmiina-em-kisoihin-loukkaantumisten-jalkeen\/","title":{"rendered":"Helmarien t\u00e4hdet n\u00e4ytt\u00e4v\u00e4t sitkeytens\u00e4 \u2013 Kuikka ja Rantala valmiina EM-kisoihin loukkaantumisten j\u00e4lkeen"},"content":{"rendered":"<h1>Helmarien t\u00e4hdet n\u00e4ytt\u00e4v\u00e4t sitkeytens\u00e4 \u2013 Kuikka ja Rantala valmiina EM-kisoihin loukkaantumisten j\u00e4lkeen<\/h1>\n<p>Kun peli pys\u00e4htyy \u2013 ja unelmatkin hetkeksi \u2013 voi tapahtua jotain yll\u00e4tt\u00e4v\u00e4\u00e4. Jalkapallon EM-kisojen kynnyksell\u00e4 kaksi Helmarien t\u00e4htipelaajaa, <strong>Natalia Kuikka<\/strong> ja <strong>Jutta Rantala<\/strong>, tiet\u00e4v\u00e4t t\u00e4m\u00e4n paremmin kuin useimmat. Heid\u00e4n matkansa t\u00e4h\u00e4n kes\u00e4\u00e4n ei ole ollut suora, vaan t\u00e4ynn\u00e4 mutkia, kipua ja silkkaa tahdonvoimaa. Nyt he ovat takaisin kent\u00e4ll\u00e4 \u2013 ja juuri oikeaan aikaan.<\/p>\n<h2>Natalia Kuikka: \u201cEn antanut itselleni lupaa mietti\u00e4, ett\u00e4 kisat j\u00e4\u00e4 v\u00e4liin\u201d<\/h2>\n<p>Tammikuun loppu toi huolta Natalia Kuikalle. Kansojen liigan ottelussa Serbiaa vastaan h\u00e4nen polvensa petti \u2013 hiljainen hetki, joka j\u00e4i mieleen. Nelj\u00e4n kuukauden kuntoutusjakso alkoi, t\u00e4ynn\u00e4 vesijuoksua ja henkil\u00f6kohtaista valmennusta Chicagon Red Starsin organisaatiossa. Vaikka palautumisen aikataulu oli ep\u00e4varma, asenne oli kirkas.<\/p>\n<p><strong>\u2013 Keskityin vain siihen, ett\u00e4 olen valmis, kun kisat alkavat. En antanut itselleni lupaa edes ep\u00e4ill\u00e4 muuta.<\/strong><\/p>\n<p>Kuntoutus antoi Kuikalle uutta n\u00e4kemyst\u00e4 pelaamiseen ja syvensi rakkautta lajiin. Kolme pelattua ottelua NWSL:ss\u00e4 ovat osoittaneet, ett\u00e4 polvi kest\u00e4\u00e4 \u2013 ja luotto omaan peliin on vahvempi kuin koskaan.<\/p>\n<h2>Jutta Rantala: \u201cT\u00e4m\u00e4 kisapaikka on palkinto kaikesta ty\u00f6st\u00e4\u201d<\/h2>\n<p>Jutta Rantalan vamma lokakuussa vaikutti ensin pienemm\u00e4lt\u00e4, mutta kuntoutus venyi kev\u00e4\u00e4seen. Leicesterin hy\u00f6kk\u00e4\u00e4j\u00e4 joutui siirtym\u00e4\u00e4n kent\u00e4lt\u00e4 katsomon puolelle, mutta ei luopunut tavoitteestaan p\u00e4\u00e4st\u00e4 mukaan EM-kisoihin.<\/p>\n<p><strong>\u2013 P\u00e4\u00e4tin, ett\u00e4 teen kaikkeni p\u00e4\u00e4st\u00e4kseni EM-koneeseen. Ja t\u00e4ss\u00e4 sit\u00e4 ollaan.<\/strong><\/p>\n<p>Kisakutsu tuntui suurelta voitolta. Jokainen hidas askel ja kuntosaliharjoitus konkretisoituivat yhdeksi merkitt\u00e4v\u00e4ksi hetkeksi. Nyt Hollannin leirill\u00e4 Rantala harjoittelee t\u00e4ysill\u00e4 \u2013 ei viel\u00e4 t\u00e4ydellisess\u00e4 kunnossa, mutta ilman kipua ja t\u00e4ynn\u00e4 intoa.<\/p>\n<h2>Takaisin kent\u00e4lle \u2013 ja kohti kisoja<\/h2>\n<p>Kuikka ja Rantala eiv\u00e4t ole vain kaksi nime\u00e4 kokoonpanossa \u2013 he ovat el\u00e4v\u00e4 esimerkki siit\u00e4, miten vaikeuksien keskell\u00e4 voi synty\u00e4 uutta voimaa. Joukkueen syke, kokemus ja intohimo saavat lis\u00e4vahvistusta juuri oikealla hetkell\u00e4.<\/p>\n<p>Kuikka korostaa puolustuksen olevan kunnossa, mutta hy\u00f6kk\u00e4yspeli kaipaa lis\u00e4\u00e4:<\/p>\n<p><strong>\u2013 Meid\u00e4n pit\u00e4\u00e4 rakentaa vaarallisempia tilanteita hy\u00f6kk\u00e4ysp\u00e4\u00e4ss\u00e4. Maalit ratkaisevat, ja sinne pit\u00e4\u00e4 p\u00e4\u00e4st\u00e4.<\/strong><\/p>\n<p>Rantalan hy\u00f6kk\u00e4yspotentiaali voi olla se ratkaiseva lis\u00e4, jolla ottelun kulku k\u00e4\u00e4nnet\u00e4\u00e4n. Vaikka huippukunto on viel\u00e4 rakentumassa, pelihalu on jo korkeimmillaan.<\/p>\n<h2>Kohti Hollantia \u2013 ja korkealla pidett\u00e4v\u00e4\u00e4 p\u00e4\u00e4t\u00e4<\/h2>\n<p>Torstain EM-kenraalissa Suomi kohtaa Hollannin. Ottelu n\u00e4hd\u00e4\u00e4n <strong>TV2:ssa ja Yle Areenassa klo 20.50<\/strong>. Se on viimeinen trilleri ennen todellista koitosta \u2013 ja samalla hetki, jolloin Helmarit osoittavat, etteiv\u00e4t vaikeudet ole murtaneet heit\u00e4, vaan kasvattaneet.<\/p>\n<p>Kuikka ja Rantala ovat palanneet. Heid\u00e4n tarinansa kertovat periksiantamattomuudesta ja siit\u00e4, mit\u00e4 jalkapallo todella voi merkit\u00e4, kun sen olemassaolo ei ole itsest\u00e4\u00e4nselvyys.<\/p>\n<p>Nyt on taas aika juosta kent\u00e4lle. Ja jokainen askel merkitsee hieman enemm\u00e4n kuin ennen.<\/p>\n<h2>P\u00e4\u00e4pointit<\/h2>\n<ul>\n<li><strong>Natalia Kuikka<\/strong> palasi pelikentille nelj\u00e4n kuukauden polvivamman j\u00e4lkeen \u2013 kisakunto on kohdillaan.<\/li>\n<li><strong>Jutta Rantala<\/strong> sai kisapaikan vaikean loukkaantumisen j\u00e4lkeen, otti kutsun vastaan kuin palkinnon.<\/li>\n<li>Molemmat tuovat Helmareille lis\u00e4\u00e4 syvyytt\u00e4, kokemusta ja johtajuutta juuri oikeaan aikaan.<\/li>\n<li>EM-kenraali: Suomi\u2013Hollanti torstaina klo 20.50 Yle TV2:ssa ja Yle Areenassa.<\/li>\n<\/ul>\n<p><strong>Seuraa EM-kisoja 2.\u201327.7.<\/strong> ja sukella Helmareiden matkaan \u2013 tarina on vasta alussa.<\/p>\n","protected":false},"excerpt":{"rendered":"<p>Helmarien t\u00e4hdet n\u00e4ytt\u00e4v\u00e4t sitkeytens\u00e4 \u2013 Kuikka ja Rantala valmiina EM-kisoihin loukkaantumisten j\u00e4lkeen Kun peli pys\u00e4htyy \u2013 ja unelmatkin hetkeksi \u2013&#8230;<\/p>\n","protected":false},"author":7,"featured_media":907,"comment_status":"open","ping_status":"open","sticky":false,"template":"","format":"standard","meta":{"_acf_changed":false,"footnotes":""},"categories":[37],"tags":[],"class_list":["post-911","post","type-post","status-publish","format-standard","has-post-thumbnail","hentry","category-uutiset"],"acf":[],"yoast_head":"<!-- This site is optimized with the Yoast SEO plugin v27.4 - https:\/\/yoast.com\/product\/yoast-seo-wordpress\/ -->\n<title>Helmarien t\u00e4hdet n\u00e4ytt\u00e4v\u00e4t sitkeytens\u00e4 \u2013 Kuikka ja Rantala valmiina EM-kisoihin loukkaantumisten j\u00e4lkeen - Sportotto.com<\/title>\n<meta name=\"robots\" content=\"index, follow, max-snippet:-1, max-image-preview:large, max-video-preview:-1\" \/>\n<link rel=\"canonical\" href=\"https:\/\/sportotto.com\/fi\/uutiset\/helmarien-tahdet-nayttavat-sitkeytensa-kuikka-ja-rantala-valmiina-em-kisoihin-loukkaantumisten-jalkeen\/\" \/>\n<meta property=\"og:locale\" content=\"fi_FI\" \/>\n<meta property=\"og:type\" content=\"article\" \/>\n<meta property=\"og:title\" content=\"Helmarien t\u00e4hdet n\u00e4ytt\u00e4v\u00e4t sitkeytens\u00e4 \u2013 Kuikka ja Rantala valmiina EM-kisoihin loukkaantumisten j\u00e4lkeen - Sportotto.com\" \/>\n<meta property=\"og:description\" content=\"Helmarien t\u00e4hdet n\u00e4ytt\u00e4v\u00e4t sitkeytens\u00e4 \u2013 Kuikka ja Rantala valmiina EM-kisoihin loukkaantumisten j\u00e4lkeen Kun peli pys\u00e4htyy \u2013 ja unelmatkin hetkeksi \u2013...\" \/>\n<meta property=\"og:url\" content=\"https:\/\/sportotto.com\/fi\/uutiset\/helmarien-tahdet-nayttavat-sitkeytensa-kuikka-ja-rantala-valmiina-em-kisoihin-loukkaantumisten-jalkeen\/\" \/>\n<meta property=\"og:site_name\" content=\"Sportotto.com\" \/>\n<meta property=\"article:published_time\" content=\"2025-07-02T05:02:27+00:00\" \/>\n<meta name=\"author\" content=\"Linus Jung\" \/>\n<meta name=\"twitter:card\" content=\"summary_large_image\" \/>\n<meta name=\"twitter:label1\" content=\"Kirjoittanut\" \/>\n\t<meta name=\"twitter:data1\" content=\"Linus Jung\" \/>\n\t<meta name=\"twitter:label2\" content=\"Arvioitu lukuaika\" \/>\n\t<meta name=\"twitter:data2\" content=\"3 minuuttia\" \/>\n<script type=\"application\/ld+json\" class=\"yoast-schema-graph\">{\"@context\":\"https:\\\/\\\/schema.org\",\"@graph\":[{\"@type\":\"Article\",\"@id\":\"https:\\\/\\\/sportotto.com\\\/fi\\\/uutiset\\\/helmarien-tahdet-nayttavat-sitkeytensa-kuikka-ja-rantala-valmiina-em-kisoihin-loukkaantumisten-jalkeen\\\/#article\",\"isPartOf\":{\"@id\":\"https:\\\/\\\/sportotto.com\\\/fi\\\/uutiset\\\/helmarien-tahdet-nayttavat-sitkeytensa-kuikka-ja-rantala-valmiina-em-kisoihin-loukkaantumisten-jalkeen\\\/\"},\"author\":{\"name\":\"Linus Jung\",\"@id\":\"https:\\\/\\\/sportotto.com\\\/fi\\\/#\\\/schema\\\/person\\\/4e717e9d5e7dc8a9563d831e8eff4281\"},\"headline\":\"Helmarien t\u00e4hdet n\u00e4ytt\u00e4v\u00e4t sitkeytens\u00e4 \u2013 Kuikka ja Rantala valmiina EM-kisoihin loukkaantumisten j\u00e4lkeen\",\"datePublished\":\"2025-07-02T05:02:27+00:00\",\"mainEntityOfPage\":{\"@id\":\"https:\\\/\\\/sportotto.com\\\/fi\\\/uutiset\\\/helmarien-tahdet-nayttavat-sitkeytensa-kuikka-ja-rantala-valmiina-em-kisoihin-loukkaantumisten-jalkeen\\\/\"},\"wordCount\":526,\"commentCount\":0,\"image\":{\"@id\":\"https:\\\/\\\/sportotto.com\\\/fi\\\/uutiset\\\/helmarien-tahdet-nayttavat-sitkeytensa-kuikka-ja-rantala-valmiina-em-kisoihin-loukkaantumisten-jalkeen\\\/#primaryimage\"},\"thumbnailUrl\":\"https:\\\/\\\/sportotto.com\\\/wp-content\\\/uploads\\\/2025\\\/07\\\/Helmarien20tC3A4hdet20nC3A4yttC3A4vC3A4t20sitkeytensC3A420E2809320Kuikka20ja20Rantala20valmiina20EM-kisoihin20loukkaantumisten20jC3A4lkeen-2025-07-02T053A023A17.056Z.jpg\",\"articleSection\":[\"Uutiset\"],\"inLanguage\":\"fi\",\"potentialAction\":[{\"@type\":\"CommentAction\",\"name\":\"Comment\",\"target\":[\"https:\\\/\\\/sportotto.com\\\/fi\\\/uutiset\\\/helmarien-tahdet-nayttavat-sitkeytensa-kuikka-ja-rantala-valmiina-em-kisoihin-loukkaantumisten-jalkeen\\\/#respond\"]}]},{\"@type\":\"WebPage\",\"@id\":\"https:\\\/\\\/sportotto.com\\\/fi\\\/uutiset\\\/helmarien-tahdet-nayttavat-sitkeytensa-kuikka-ja-rantala-valmiina-em-kisoihin-loukkaantumisten-jalkeen\\\/\",\"url\":\"https:\\\/\\\/sportotto.com\\\/fi\\\/uutiset\\\/helmarien-tahdet-nayttavat-sitkeytensa-kuikka-ja-rantala-valmiina-em-kisoihin-loukkaantumisten-jalkeen\\\/\",\"name\":\"Helmarien t\u00e4hdet n\u00e4ytt\u00e4v\u00e4t sitkeytens\u00e4 \u2013 Kuikka ja Rantala valmiina EM-kisoihin loukkaantumisten j\u00e4lkeen - Sportotto.com\",\"isPartOf\":{\"@id\":\"https:\\\/\\\/sportotto.com\\\/fi\\\/#website\"},\"primaryImageOfPage\":{\"@id\":\"https:\\\/\\\/sportotto.com\\\/fi\\\/uutiset\\\/helmarien-tahdet-nayttavat-sitkeytensa-kuikka-ja-rantala-valmiina-em-kisoihin-loukkaantumisten-jalkeen\\\/#primaryimage\"},\"image\":{\"@id\":\"https:\\\/\\\/sportotto.com\\\/fi\\\/uutiset\\\/helmarien-tahdet-nayttavat-sitkeytensa-kuikka-ja-rantala-valmiina-em-kisoihin-loukkaantumisten-jalkeen\\\/#primaryimage\"},\"thumbnailUrl\":\"https:\\\/\\\/sportotto.com\\\/wp-content\\\/uploads\\\/2025\\\/07\\\/Helmarien20tC3A4hdet20nC3A4yttC3A4vC3A4t20sitkeytensC3A420E2809320Kuikka20ja20Rantala20valmiina20EM-kisoihin20loukkaantumisten20jC3A4lkeen-2025-07-02T053A023A17.056Z.jpg\",\"datePublished\":\"2025-07-02T05:02:27+00:00\",\"author\":{\"@id\":\"https:\\\/\\\/sportotto.com\\\/fi\\\/#\\\/schema\\\/person\\\/4e717e9d5e7dc8a9563d831e8eff4281\"},\"breadcrumb\":{\"@id\":\"https:\\\/\\\/sportotto.com\\\/fi\\\/uutiset\\\/helmarien-tahdet-nayttavat-sitkeytensa-kuikka-ja-rantala-valmiina-em-kisoihin-loukkaantumisten-jalkeen\\\/#breadcrumb\"},\"inLanguage\":\"fi\",\"potentialAction\":[{\"@type\":\"ReadAction\",\"target\":[\"https:\\\/\\\/sportotto.com\\\/fi\\\/uutiset\\\/helmarien-tahdet-nayttavat-sitkeytensa-kuikka-ja-rantala-valmiina-em-kisoihin-loukkaantumisten-jalkeen\\\/\"]}]},{\"@type\":\"ImageObject\",\"inLanguage\":\"fi\",\"@id\":\"https:\\\/\\\/sportotto.com\\\/fi\\\/uutiset\\\/helmarien-tahdet-nayttavat-sitkeytensa-kuikka-ja-rantala-valmiina-em-kisoihin-loukkaantumisten-jalkeen\\\/#primaryimage\",\"url\":\"https:\\\/\\\/sportotto.com\\\/wp-content\\\/uploads\\\/2025\\\/07\\\/Helmarien20tC3A4hdet20nC3A4yttC3A4vC3A4t20sitkeytensC3A420E2809320Kuikka20ja20Rantala20valmiina20EM-kisoihin20loukkaantumisten20jC3A4lkeen-2025-07-02T053A023A17.056Z.jpg\",\"contentUrl\":\"https:\\\/\\\/sportotto.com\\\/wp-content\\\/uploads\\\/2025\\\/07\\\/Helmarien20tC3A4hdet20nC3A4yttC3A4vC3A4t20sitkeytensC3A420E2809320Kuikka20ja20Rantala20valmiina20EM-kisoihin20loukkaantumisten20jC3A4lkeen-2025-07-02T053A023A17.056Z.jpg\",\"width\":1536,\"height\":1024},{\"@type\":\"BreadcrumbList\",\"@id\":\"https:\\\/\\\/sportotto.com\\\/fi\\\/uutiset\\\/helmarien-tahdet-nayttavat-sitkeytensa-kuikka-ja-rantala-valmiina-em-kisoihin-loukkaantumisten-jalkeen\\\/#breadcrumb\",\"itemListElement\":[{\"@type\":\"ListItem\",\"position\":1,\"name\":\"Sportotto\",\"item\":\"https:\\\/\\\/sportotto.com\\\/fi\\\/\"},{\"@type\":\"ListItem\",\"position\":2,\"name\":\"Okategoriserad\",\"item\":\"https:\\\/\\\/sportotto.com\\\/cl\\\/okategoriserad\\\/\"},{\"@type\":\"ListItem\",\"position\":3,\"name\":\"Helmarien t\u00e4hdet n\u00e4ytt\u00e4v\u00e4t sitkeytens\u00e4 \u2013 Kuikka ja Rantala valmiina EM-kisoihin loukkaantumisten j\u00e4lkeen\"}]},{\"@type\":\"WebSite\",\"@id\":\"https:\\\/\\\/sportotto.com\\\/fi\\\/#website\",\"url\":\"https:\\\/\\\/sportotto.com\\\/fi\\\/\",\"name\":\"Sportotto.com\",\"description\":\"All about sports betting!\",\"potentialAction\":[{\"@type\":\"SearchAction\",\"target\":{\"@type\":\"EntryPoint\",\"urlTemplate\":\"https:\\\/\\\/sportotto.com\\\/fi\\\/?s={search_term_string}\"},\"query-input\":{\"@type\":\"PropertyValueSpecification\",\"valueRequired\":true,\"valueName\":\"search_term_string\"}}],\"inLanguage\":\"fi\"},{\"@type\":\"Person\",\"@id\":\"https:\\\/\\\/sportotto.com\\\/fi\\\/#\\\/schema\\\/person\\\/4e717e9d5e7dc8a9563d831e8eff4281\",\"name\":\"Linus Jung\",\"image\":{\"@type\":\"ImageObject\",\"inLanguage\":\"fi\",\"@id\":\"https:\\\/\\\/secure.gravatar.com\\\/avatar\\\/eca1d2df4eae3f7495ac24b159d8abf4d4d395492b5e7c4c934e1b65646f8db3?s=96&d=mm&r=g\",\"url\":\"https:\\\/\\\/secure.gravatar.com\\\/avatar\\\/eca1d2df4eae3f7495ac24b159d8abf4d4d395492b5e7c4c934e1b65646f8db3?s=96&d=mm&r=g\",\"contentUrl\":\"https:\\\/\\\/secure.gravatar.com\\\/avatar\\\/eca1d2df4eae3f7495ac24b159d8abf4d4d395492b5e7c4c934e1b65646f8db3?s=96&d=mm&r=g\",\"caption\":\"Linus Jung\"}}]}<\/script>\n<!-- \/ Yoast SEO plugin. -->","yoast_head_json":{"title":"Helmarien t\u00e4hdet n\u00e4ytt\u00e4v\u00e4t sitkeytens\u00e4 \u2013 Kuikka ja Rantala valmiina EM-kisoihin loukkaantumisten j\u00e4lkeen - Sportotto.com","robots":{"index":"index","follow":"follow","max-snippet":"max-snippet:-1","max-image-preview":"max-image-preview:large","max-video-preview":"max-video-preview:-1"},"canonical":"https:\/\/sportotto.com\/fi\/uutiset\/helmarien-tahdet-nayttavat-sitkeytensa-kuikka-ja-rantala-valmiina-em-kisoihin-loukkaantumisten-jalkeen\/","og_locale":"fi_FI","og_type":"article","og_title":"Helmarien t\u00e4hdet n\u00e4ytt\u00e4v\u00e4t sitkeytens\u00e4 \u2013 Kuikka ja Rantala valmiina EM-kisoihin loukkaantumisten j\u00e4lkeen - Sportotto.com","og_description":"Helmarien t\u00e4hdet n\u00e4ytt\u00e4v\u00e4t sitkeytens\u00e4 \u2013 Kuikka ja Rantala valmiina EM-kisoihin loukkaantumisten j\u00e4lkeen Kun peli pys\u00e4htyy \u2013 ja unelmatkin hetkeksi \u2013...","og_url":"https:\/\/sportotto.com\/fi\/uutiset\/helmarien-tahdet-nayttavat-sitkeytensa-kuikka-ja-rantala-valmiina-em-kisoihin-loukkaantumisten-jalkeen\/","og_site_name":"Sportotto.com","article_published_time":"2025-07-02T05:02:27+00:00","author":"Linus Jung","twitter_card":"summary_large_image","twitter_misc":{"Kirjoittanut":"Linus Jung","Arvioitu lukuaika":"3 minuuttia"},"schema":{"@context":"https:\/\/schema.org","@graph":[{"@type":"Article","@id":"https:\/\/sportotto.com\/fi\/uutiset\/helmarien-tahdet-nayttavat-sitkeytensa-kuikka-ja-rantala-valmiina-em-kisoihin-loukkaantumisten-jalkeen\/#article","isPartOf":{"@id":"https:\/\/sportotto.com\/fi\/uutiset\/helmarien-tahdet-nayttavat-sitkeytensa-kuikka-ja-rantala-valmiina-em-kisoihin-loukkaantumisten-jalkeen\/"},"author":{"name":"Linus Jung","@id":"https:\/\/sportotto.com\/fi\/#\/schema\/person\/4e717e9d5e7dc8a9563d831e8eff4281"},"headline":"Helmarien t\u00e4hdet n\u00e4ytt\u00e4v\u00e4t sitkeytens\u00e4 \u2013 Kuikka ja Rantala valmiina EM-kisoihin loukkaantumisten j\u00e4lkeen","datePublished":"2025-07-02T05:02:27+00:00","mainEntityOfPage":{"@id":"https:\/\/sportotto.com\/fi\/uutiset\/helmarien-tahdet-nayttavat-sitkeytensa-kuikka-ja-rantala-valmiina-em-kisoihin-loukkaantumisten-jalkeen\/"},"wordCount":526,"commentCount":0,"image":{"@id":"https:\/\/sportotto.com\/fi\/uutiset\/helmarien-tahdet-nayttavat-sitkeytensa-kuikka-ja-rantala-valmiina-em-kisoihin-loukkaantumisten-jalkeen\/#primaryimage"},"thumbnailUrl":"https:\/\/sportotto.com\/wp-content\/uploads\/2025\/07\/Helmarien20tC3A4hdet20nC3A4yttC3A4vC3A4t20sitkeytensC3A420E2809320Kuikka20ja20Rantala20valmiina20EM-kisoihin20loukkaantumisten20jC3A4lkeen-2025-07-02T053A023A17.056Z.jpg","articleSection":["Uutiset"],"inLanguage":"fi","potentialAction":[{"@type":"CommentAction","name":"Comment","target":["https:\/\/sportotto.com\/fi\/uutiset\/helmarien-tahdet-nayttavat-sitkeytensa-kuikka-ja-rantala-valmiina-em-kisoihin-loukkaantumisten-jalkeen\/#respond"]}]},{"@type":"WebPage","@id":"https:\/\/sportotto.com\/fi\/uutiset\/helmarien-tahdet-nayttavat-sitkeytensa-kuikka-ja-rantala-valmiina-em-kisoihin-loukkaantumisten-jalkeen\/","url":"https:\/\/sportotto.com\/fi\/uutiset\/helmarien-tahdet-nayttavat-sitkeytensa-kuikka-ja-rantala-valmiina-em-kisoihin-loukkaantumisten-jalkeen\/","name":"Helmarien t\u00e4hdet n\u00e4ytt\u00e4v\u00e4t sitkeytens\u00e4 \u2013 Kuikka ja Rantala valmiina EM-kisoihin loukkaantumisten j\u00e4lkeen - Sportotto.com","isPartOf":{"@id":"https:\/\/sportotto.com\/fi\/#website"},"primaryImageOfPage":{"@id":"https:\/\/sportotto.com\/fi\/uutiset\/helmarien-tahdet-nayttavat-sitkeytensa-kuikka-ja-rantala-valmiina-em-kisoihin-loukkaantumisten-jalkeen\/#primaryimage"},"image":{"@id":"https:\/\/sportotto.com\/fi\/uutiset\/helmarien-tahdet-nayttavat-sitkeytensa-kuikka-ja-rantala-valmiina-em-kisoihin-loukkaantumisten-jalkeen\/#primaryimage"},"thumbnailUrl":"https:\/\/sportotto.com\/wp-content\/uploads\/2025\/07\/Helmarien20tC3A4hdet20nC3A4yttC3A4vC3A4t20sitkeytensC3A420E2809320Kuikka20ja20Rantala20valmiina20EM-kisoihin20loukkaantumisten20jC3A4lkeen-2025-07-02T053A023A17.056Z.jpg","datePublished":"2025-07-02T05:02:27+00:00","author":{"@id":"https:\/\/sportotto.com\/fi\/#\/schema\/person\/4e717e9d5e7dc8a9563d831e8eff4281"},"breadcrumb":{"@id":"https:\/\/sportotto.com\/fi\/uutiset\/helmarien-tahdet-nayttavat-sitkeytensa-kuikka-ja-rantala-valmiina-em-kisoihin-loukkaantumisten-jalkeen\/#breadcrumb"},"inLanguage":"fi","potentialAction":[{"@type":"ReadAction","target":["https:\/\/sportotto.com\/fi\/uutiset\/helmarien-tahdet-nayttavat-sitkeytensa-kuikka-ja-rantala-valmiina-em-kisoihin-loukkaantumisten-jalkeen\/"]}]},{"@type":"ImageObject","inLanguage":"fi","@id":"https:\/\/sportotto.com\/fi\/uutiset\/helmarien-tahdet-nayttavat-sitkeytensa-kuikka-ja-rantala-valmiina-em-kisoihin-loukkaantumisten-jalkeen\/#primaryimage","url":"https:\/\/sportotto.com\/wp-content\/uploads\/2025\/07\/Helmarien20tC3A4hdet20nC3A4yttC3A4vC3A4t20sitkeytensC3A420E2809320Kuikka20ja20Rantala20valmiina20EM-kisoihin20loukkaantumisten20jC3A4lkeen-2025-07-02T053A023A17.056Z.jpg","contentUrl":"https:\/\/sportotto.com\/wp-content\/uploads\/2025\/07\/Helmarien20tC3A4hdet20nC3A4yttC3A4vC3A4t20sitkeytensC3A420E2809320Kuikka20ja20Rantala20valmiina20EM-kisoihin20loukkaantumisten20jC3A4lkeen-2025-07-02T053A023A17.056Z.jpg","width":1536,"height":1024},{"@type":"BreadcrumbList","@id":"https:\/\/sportotto.com\/fi\/uutiset\/helmarien-tahdet-nayttavat-sitkeytensa-kuikka-ja-rantala-valmiina-em-kisoihin-loukkaantumisten-jalkeen\/#breadcrumb","itemListElement":[{"@type":"ListItem","position":1,"name":"Sportotto","item":"https:\/\/sportotto.com\/fi\/"},{"@type":"ListItem","position":2,"name":"Okategoriserad","item":"https:\/\/sportotto.com\/cl\/okategoriserad\/"},{"@type":"ListItem","position":3,"name":"Helmarien t\u00e4hdet n\u00e4ytt\u00e4v\u00e4t sitkeytens\u00e4 \u2013 Kuikka ja Rantala valmiina EM-kisoihin loukkaantumisten j\u00e4lkeen"}]},{"@type":"WebSite","@id":"https:\/\/sportotto.com\/fi\/#website","url":"https:\/\/sportotto.com\/fi\/","name":"Sportotto.com","description":"All about sports betting!","potentialAction":[{"@type":"SearchAction","target":{"@type":"EntryPoint","urlTemplate":"https:\/\/sportotto.com\/fi\/?s={search_term_string}"},"query-input":{"@type":"PropertyValueSpecification","valueRequired":true,"valueName":"search_term_string"}}],"inLanguage":"fi"},{"@type":"Person","@id":"https:\/\/sportotto.com\/fi\/#\/schema\/person\/4e717e9d5e7dc8a9563d831e8eff4281","name":"Linus Jung","image":{"@type":"ImageObject","inLanguage":"fi","@id":"https:\/\/secure.gravatar.com\/avatar\/eca1d2df4eae3f7495ac24b159d8abf4d4d395492b5e7c4c934e1b65646f8db3?s=96&d=mm&r=g","url":"https:\/\/secure.gravatar.com\/avatar\/eca1d2df4eae3f7495ac24b159d8abf4d4d395492b5e7c4c934e1b65646f8db3?s=96&d=mm&r=g","contentUrl":"https:\/\/secure.gravatar.com\/avatar\/eca1d2df4eae3f7495ac24b159d8abf4d4d395492b5e7c4c934e1b65646f8db3?s=96&d=mm&r=g","caption":"Linus Jung"}}]}},"_links":{"self":[{"href":"https:\/\/sportotto.com\/fi\/wp-json\/wp\/v2\/posts\/911","targetHints":{"allow":["GET"]}}],"collection":[{"href":"https:\/\/sportotto.com\/fi\/wp-json\/wp\/v2\/posts"}],"about":[{"href":"https:\/\/sportotto.com\/fi\/wp-json\/wp\/v2\/types\/post"}],"author":[{"embeddable":true,"href":"https:\/\/sportotto.com\/fi\/wp-json\/wp\/v2\/users\/7"}],"replies":[{"embeddable":true,"href":"https:\/\/sportotto.com\/fi\/wp-json\/wp\/v2\/comments?post=911"}],"version-history":[{"count":0,"href":"https:\/\/sportotto.com\/fi\/wp-json\/wp\/v2\/posts\/911\/revisions"}],"wp:featuredmedia":[{"embeddable":true,"href":"https:\/\/sportotto.com\/fi\/wp-json\/wp\/v2\/media\/907"}],"wp:attachment":[{"href":"https:\/\/sportotto.com\/fi\/wp-json\/wp\/v2\/media?parent=911"}],"wp:term":[{"taxonomy":"category","embeddable":true,"href":"https:\/\/sportotto.com\/fi\/wp-json\/wp\/v2\/categories?post=911"},{"taxonomy":"post_tag","embeddable":true,"href":"https:\/\/sportotto.com\/fi\/wp-json\/wp\/v2\/tags?post=911"}],"curies":[{"name":"wp","href":"https:\/\/api.w.org\/{rel}","templated":true}]}}