{"id":948,"date":"2025-07-09T05:02:24","date_gmt":"2025-07-09T05:02:24","guid":{"rendered":"https:\/\/sportotto.com\/okategoriserad\/jesse-puljujarvi-siirtymassa-sveitsin-paasarjaan-uusi-alku-geneve-servette-hcssa\/"},"modified":"2025-07-09T05:02:24","modified_gmt":"2025-07-09T05:02:24","slug":"jesse-puljujarvi-siirtymassa-sveitsin-paasarjaan-uusi-alku-geneve-servette-hcssa","status":"publish","type":"post","link":"https:\/\/sportotto.com\/fi\/uutiset\/jesse-puljujarvi-siirtymassa-sveitsin-paasarjaan-uusi-alku-geneve-servette-hcssa\/","title":{"rendered":"Jesse Puljuj\u00e4rvi siirtym\u00e4ss\u00e4 Sveitsin p\u00e4\u00e4sarjaan \u2013 uusi alku Gen\u00e8ve-Servette HC:ssa"},"content":{"rendered":"<h1>Jesse Puljuj\u00e4rvi siirtym\u00e4ss\u00e4 Sveitsin p\u00e4\u00e4sarjaan \u2013 uusi alku Gen\u00e8ve-Servette HC:ssa<\/h1>\n<p>Jesse Puljuj\u00e4rven matka j\u00e4\u00e4kiekon huipulle on ollut kaikkea muuta kuin suoraviivainen. Vaikka NHL-ura ei ole t\u00e4ytt\u00e4nyt kaikkia odotuksia, n\u00e4ytt\u00e4\u00e4 27-vuotias hy\u00f6kk\u00e4\u00e4j\u00e4 olevan uuden vaiheen kynnyksell\u00e4 \u2013 <strong>Sveitsi kutsuu<\/strong>.<\/p>\n<h2>NHL-uran vuoristorata<\/h2>\n<p>Kun Puljuj\u00e4rvi varattiin nelj\u00e4nten\u00e4 vuonna 2016, odotuksia ei ollut v\u00e4h\u00e4n. Edmonton Oilersin riveiss\u00e4 vietetyt vuodet toivat kuitenkin enemm\u00e4n kysymyksi\u00e4 kuin vastauksia. Viime kausi sujui p\u00e4\u00e4osin AHL:ss\u00e4 Charlotte Checkersin paidassa, jossa Puljuj\u00e4rvi todisti arvonsa isolla panoksella pudotuspeleiss\u00e4 \u2013 11 pistett\u00e4 ja johtava rooli finaaleihin asti.<\/p>\n<p><strong>Yhteens\u00e4<\/strong> NHL:ss\u00e4 kertyi:<\/p>\n<ul>\n<li>414 ottelua<\/li>\n<li>134 tehopistett\u00e4<\/li>\n<\/ul>\n<p>AHL:n puolella tilastoihin kirjattiin:<\/p>\n<ul>\n<li>109 ottelua<\/li>\n<li>73 pistett\u00e4<\/li>\n<\/ul>\n<p>Vaikka NHL-ura ei noussut odotettuun korkeuteen, numerot osoittavat, ettei kyse ole kadonneesta potentiaalista \u2013 ehk\u00e4 vain v\u00e4\u00e4rist\u00e4 olosuhteista.<\/p>\n<h2>Mik\u00e4 veti Sveitsiin \u2013 ja miksi juuri Gen\u00e8ve?<\/h2>\n<p>Sveitsin National League on yh\u00e4 useammin vaihtoehto pelaajille, jotka hakevat uutta nostetta uralleen. Puljuj\u00e4rven nimen mainittiin useaan otteeseen HC Luganon yhteydess\u00e4, mutta nyt n\u00e4ytt\u00e4\u00e4 silt\u00e4, ett\u00e4 <strong>Gen\u00e8ve-Servette HC<\/strong> on tehnyt ratkaisun h\u00e4nen palkkaamisekseen.<\/p>\n<p>Seura on kunnianhimoinen ja houkutteleva kokoonpanonsa ansiosta:<\/p>\n<ul>\n<li>Sakari Manninen<\/li>\n<li>Markus Granlund<\/li>\n<li>Vili Saarij\u00e4rvi<\/li>\n<li>Jason Akeson<\/li>\n<li>Taylor Beck<\/li>\n<\/ul>\n<p>Penkin takana tilanne on yht\u00e4 vakuuttava:<\/p>\n<ul>\n<li>P\u00e4\u00e4valmentaja: Yorick Treille<\/li>\n<li>Apuvalmentajat: Ville Peltonen ja Pekka Kangasalusta<\/li>\n<\/ul>\n<p>Yhteys suomalaisvalmennukseen ja tuttuihin pelaajiin antaa sek\u00e4 vakautta ett\u00e4 luottamusta \u2013 parhaat olosuhteet onnistumiselle.<\/p>\n<h2>Uusi alku \u2013 ja kenties uusi nousu<\/h2>\n<p>Sveitsin liiga tunnetaan rytmikk\u00e4\u00e4st\u00e4 ja teknisest\u00e4 pelist\u00e4\u00e4n. T\u00e4m\u00e4 voi olla juuri sit\u00e4, mit\u00e4 Puljuj\u00e4rvi tarvitsee \u2013 paikka, miss\u00e4 <strong>rooli on iso<\/strong>, mahdollisuus pelata ykk\u00f6sketjussa ja ottaa vastuu ylivoimalla.<\/p>\n<p>T\u00e4m\u00e4 ei ole vain uusi seura. T\u00e4m\u00e4 on mahdollisuus rakentaa ura uudelleen \u2013 ilman NHL:n lehdist\u00f6painetta tai ep\u00e4varmuutta neloskent\u00e4n ruuturista.<\/p>\n<h2>Ponnahduslauta vai pys\u00e4kki?<\/h2>\n<p>Kaikki merkit viittaavat siihen, ett\u00e4 Puljuj\u00e4rven mahdollinen siirto Gen\u00e8ve-Servette HC:hen on viimeistely\u00e4 vaille valmis. Tarjolla on:<\/p>\n<ul>\n<li>Yksi Euroopan tasokkaimmista sarjoista<\/li>\n<li>Vahva suomalaisl\u00e4ht\u00f6inen tukiverkosto<\/li>\n<li>Mahdollisuus loistaa johtavassa roolissa<\/li>\n<\/ul>\n<p>Viel\u00e4 on ep\u00e4selv\u00e4\u00e4, onko Sveitsi pys\u00e4kki vai uusi alku. Mutta varmaa on, ett\u00e4 Jesse Puljuj\u00e4rvi saa <strong>uuden mahdollisuuden loistaa<\/strong> \u2013 ja ehk\u00e4 viel\u00e4 kirjoittaa uuden menestystarinan.<\/p>\n<p>Aika n\u00e4ytt\u00e4\u00e4, mihin suuntaan tie vie. Mutta ainakin nyt suunta n\u00e4ytt\u00e4\u00e4 hyv\u00e4lt\u00e4 \u2013 ja fanien mielenkiinto on taattu.<\/p>\n","protected":false},"excerpt":{"rendered":"<p>Jesse Puljuj\u00e4rvi siirtym\u00e4ss\u00e4 Sveitsin p\u00e4\u00e4sarjaan \u2013 uusi alku Gen\u00e8ve-Servette HC:ssa Jesse Puljuj\u00e4rven matka j\u00e4\u00e4kiekon huipulle on ollut kaikkea muuta kuin&#8230;<\/p>\n","protected":false},"author":7,"featured_media":944,"comment_status":"open","ping_status":"open","sticky":false,"template":"","format":"standard","meta":{"_acf_changed":false,"footnotes":""},"categories":[37],"tags":[],"class_list":["post-948","post","type-post","status-publish","format-standard","has-post-thumbnail","hentry","category-uutiset"],"acf":[],"yoast_head":"<!-- This site is optimized with the Yoast SEO plugin v27.4 - https:\/\/yoast.com\/product\/yoast-seo-wordpress\/ -->\n<title>Jesse Puljuj\u00e4rvi siirtym\u00e4ss\u00e4 Sveitsin p\u00e4\u00e4sarjaan \u2013 uusi alku Gen\u00e8ve-Servette HC:ssa - Sportotto.com<\/title>\n<meta name=\"robots\" content=\"index, follow, max-snippet:-1, max-image-preview:large, max-video-preview:-1\" \/>\n<link rel=\"canonical\" href=\"https:\/\/sportotto.com\/fi\/uutiset\/jesse-puljujarvi-siirtymassa-sveitsin-paasarjaan-uusi-alku-geneve-servette-hcssa\/\" \/>\n<meta property=\"og:locale\" content=\"fi_FI\" \/>\n<meta property=\"og:type\" content=\"article\" \/>\n<meta property=\"og:title\" content=\"Jesse Puljuj\u00e4rvi siirtym\u00e4ss\u00e4 Sveitsin p\u00e4\u00e4sarjaan \u2013 uusi alku Gen\u00e8ve-Servette HC:ssa - Sportotto.com\" \/>\n<meta property=\"og:description\" content=\"Jesse Puljuj\u00e4rvi siirtym\u00e4ss\u00e4 Sveitsin p\u00e4\u00e4sarjaan \u2013 uusi alku Gen\u00e8ve-Servette HC:ssa Jesse Puljuj\u00e4rven matka j\u00e4\u00e4kiekon huipulle on ollut kaikkea muuta kuin...\" \/>\n<meta property=\"og:url\" content=\"https:\/\/sportotto.com\/fi\/uutiset\/jesse-puljujarvi-siirtymassa-sveitsin-paasarjaan-uusi-alku-geneve-servette-hcssa\/\" \/>\n<meta property=\"og:site_name\" content=\"Sportotto.com\" \/>\n<meta property=\"article:published_time\" content=\"2025-07-09T05:02:24+00:00\" \/>\n<meta name=\"author\" content=\"Linus Jung\" \/>\n<meta name=\"twitter:card\" content=\"summary_large_image\" \/>\n<meta name=\"twitter:label1\" content=\"Kirjoittanut\" \/>\n\t<meta name=\"twitter:data1\" content=\"Linus Jung\" \/>\n\t<meta name=\"twitter:label2\" content=\"Arvioitu lukuaika\" \/>\n\t<meta name=\"twitter:data2\" content=\"2 minuuttia\" \/>\n<script type=\"application\/ld+json\" class=\"yoast-schema-graph\">{\"@context\":\"https:\\\/\\\/schema.org\",\"@graph\":[{\"@type\":\"Article\",\"@id\":\"https:\\\/\\\/sportotto.com\\\/fi\\\/uutiset\\\/jesse-puljujarvi-siirtymassa-sveitsin-paasarjaan-uusi-alku-geneve-servette-hcssa\\\/#article\",\"isPartOf\":{\"@id\":\"https:\\\/\\\/sportotto.com\\\/fi\\\/uutiset\\\/jesse-puljujarvi-siirtymassa-sveitsin-paasarjaan-uusi-alku-geneve-servette-hcssa\\\/\"},\"author\":{\"name\":\"Linus Jung\",\"@id\":\"https:\\\/\\\/sportotto.com\\\/fi\\\/#\\\/schema\\\/person\\\/4e717e9d5e7dc8a9563d831e8eff4281\"},\"headline\":\"Jesse Puljuj\u00e4rvi siirtym\u00e4ss\u00e4 Sveitsin p\u00e4\u00e4sarjaan \u2013 uusi alku Gen\u00e8ve-Servette HC:ssa\",\"datePublished\":\"2025-07-09T05:02:24+00:00\",\"mainEntityOfPage\":{\"@id\":\"https:\\\/\\\/sportotto.com\\\/fi\\\/uutiset\\\/jesse-puljujarvi-siirtymassa-sveitsin-paasarjaan-uusi-alku-geneve-servette-hcssa\\\/\"},\"wordCount\":383,\"commentCount\":0,\"image\":{\"@id\":\"https:\\\/\\\/sportotto.com\\\/fi\\\/uutiset\\\/jesse-puljujarvi-siirtymassa-sveitsin-paasarjaan-uusi-alku-geneve-servette-hcssa\\\/#primaryimage\"},\"thumbnailUrl\":\"https:\\\/\\\/sportotto.com\\\/wp-content\\\/uploads\\\/2025\\\/07\\\/Jesse20PuljujC3A4rvi20siirtymC3A4ssC3A420Sveitsin20pC3A4C3A4sarjaan20E2809320uusi20alku20GenC3A8ve-Servette20HC3Assa-2025-07-09T053A023A12.895Z.jpg\",\"articleSection\":[\"Uutiset\"],\"inLanguage\":\"fi\",\"potentialAction\":[{\"@type\":\"CommentAction\",\"name\":\"Comment\",\"target\":[\"https:\\\/\\\/sportotto.com\\\/fi\\\/uutiset\\\/jesse-puljujarvi-siirtymassa-sveitsin-paasarjaan-uusi-alku-geneve-servette-hcssa\\\/#respond\"]}]},{\"@type\":\"WebPage\",\"@id\":\"https:\\\/\\\/sportotto.com\\\/fi\\\/uutiset\\\/jesse-puljujarvi-siirtymassa-sveitsin-paasarjaan-uusi-alku-geneve-servette-hcssa\\\/\",\"url\":\"https:\\\/\\\/sportotto.com\\\/fi\\\/uutiset\\\/jesse-puljujarvi-siirtymassa-sveitsin-paasarjaan-uusi-alku-geneve-servette-hcssa\\\/\",\"name\":\"Jesse Puljuj\u00e4rvi siirtym\u00e4ss\u00e4 Sveitsin p\u00e4\u00e4sarjaan \u2013 uusi alku Gen\u00e8ve-Servette HC:ssa - Sportotto.com\",\"isPartOf\":{\"@id\":\"https:\\\/\\\/sportotto.com\\\/fi\\\/#website\"},\"primaryImageOfPage\":{\"@id\":\"https:\\\/\\\/sportotto.com\\\/fi\\\/uutiset\\\/jesse-puljujarvi-siirtymassa-sveitsin-paasarjaan-uusi-alku-geneve-servette-hcssa\\\/#primaryimage\"},\"image\":{\"@id\":\"https:\\\/\\\/sportotto.com\\\/fi\\\/uutiset\\\/jesse-puljujarvi-siirtymassa-sveitsin-paasarjaan-uusi-alku-geneve-servette-hcssa\\\/#primaryimage\"},\"thumbnailUrl\":\"https:\\\/\\\/sportotto.com\\\/wp-content\\\/uploads\\\/2025\\\/07\\\/Jesse20PuljujC3A4rvi20siirtymC3A4ssC3A420Sveitsin20pC3A4C3A4sarjaan20E2809320uusi20alku20GenC3A8ve-Servette20HC3Assa-2025-07-09T053A023A12.895Z.jpg\",\"datePublished\":\"2025-07-09T05:02:24+00:00\",\"author\":{\"@id\":\"https:\\\/\\\/sportotto.com\\\/fi\\\/#\\\/schema\\\/person\\\/4e717e9d5e7dc8a9563d831e8eff4281\"},\"breadcrumb\":{\"@id\":\"https:\\\/\\\/sportotto.com\\\/fi\\\/uutiset\\\/jesse-puljujarvi-siirtymassa-sveitsin-paasarjaan-uusi-alku-geneve-servette-hcssa\\\/#breadcrumb\"},\"inLanguage\":\"fi\",\"potentialAction\":[{\"@type\":\"ReadAction\",\"target\":[\"https:\\\/\\\/sportotto.com\\\/fi\\\/uutiset\\\/jesse-puljujarvi-siirtymassa-sveitsin-paasarjaan-uusi-alku-geneve-servette-hcssa\\\/\"]}]},{\"@type\":\"ImageObject\",\"inLanguage\":\"fi\",\"@id\":\"https:\\\/\\\/sportotto.com\\\/fi\\\/uutiset\\\/jesse-puljujarvi-siirtymassa-sveitsin-paasarjaan-uusi-alku-geneve-servette-hcssa\\\/#primaryimage\",\"url\":\"https:\\\/\\\/sportotto.com\\\/wp-content\\\/uploads\\\/2025\\\/07\\\/Jesse20PuljujC3A4rvi20siirtymC3A4ssC3A420Sveitsin20pC3A4C3A4sarjaan20E2809320uusi20alku20GenC3A8ve-Servette20HC3Assa-2025-07-09T053A023A12.895Z.jpg\",\"contentUrl\":\"https:\\\/\\\/sportotto.com\\\/wp-content\\\/uploads\\\/2025\\\/07\\\/Jesse20PuljujC3A4rvi20siirtymC3A4ssC3A420Sveitsin20pC3A4C3A4sarjaan20E2809320uusi20alku20GenC3A8ve-Servette20HC3Assa-2025-07-09T053A023A12.895Z.jpg\",\"width\":1024,\"height\":1024},{\"@type\":\"BreadcrumbList\",\"@id\":\"https:\\\/\\\/sportotto.com\\\/fi\\\/uutiset\\\/jesse-puljujarvi-siirtymassa-sveitsin-paasarjaan-uusi-alku-geneve-servette-hcssa\\\/#breadcrumb\",\"itemListElement\":[{\"@type\":\"ListItem\",\"position\":1,\"name\":\"Sportotto\",\"item\":\"https:\\\/\\\/sportotto.com\\\/fi\\\/\"},{\"@type\":\"ListItem\",\"position\":2,\"name\":\"Okategoriserad\",\"item\":\"https:\\\/\\\/sportotto.com\\\/cl\\\/okategoriserad\\\/\"},{\"@type\":\"ListItem\",\"position\":3,\"name\":\"Jesse Puljuj\u00e4rvi siirtym\u00e4ss\u00e4 Sveitsin p\u00e4\u00e4sarjaan \u2013 uusi alku Gen\u00e8ve-Servette HC:ssa\"}]},{\"@type\":\"WebSite\",\"@id\":\"https:\\\/\\\/sportotto.com\\\/fi\\\/#website\",\"url\":\"https:\\\/\\\/sportotto.com\\\/fi\\\/\",\"name\":\"Sportotto.com\",\"description\":\"All about sports betting!\",\"potentialAction\":[{\"@type\":\"SearchAction\",\"target\":{\"@type\":\"EntryPoint\",\"urlTemplate\":\"https:\\\/\\\/sportotto.com\\\/fi\\\/?s={search_term_string}\"},\"query-input\":{\"@type\":\"PropertyValueSpecification\",\"valueRequired\":true,\"valueName\":\"search_term_string\"}}],\"inLanguage\":\"fi\"},{\"@type\":\"Person\",\"@id\":\"https:\\\/\\\/sportotto.com\\\/fi\\\/#\\\/schema\\\/person\\\/4e717e9d5e7dc8a9563d831e8eff4281\",\"name\":\"Linus Jung\",\"image\":{\"@type\":\"ImageObject\",\"inLanguage\":\"fi\",\"@id\":\"https:\\\/\\\/secure.gravatar.com\\\/avatar\\\/eca1d2df4eae3f7495ac24b159d8abf4d4d395492b5e7c4c934e1b65646f8db3?s=96&d=mm&r=g\",\"url\":\"https:\\\/\\\/secure.gravatar.com\\\/avatar\\\/eca1d2df4eae3f7495ac24b159d8abf4d4d395492b5e7c4c934e1b65646f8db3?s=96&d=mm&r=g\",\"contentUrl\":\"https:\\\/\\\/secure.gravatar.com\\\/avatar\\\/eca1d2df4eae3f7495ac24b159d8abf4d4d395492b5e7c4c934e1b65646f8db3?s=96&d=mm&r=g\",\"caption\":\"Linus Jung\"}}]}<\/script>\n<!-- \/ Yoast SEO plugin. -->","yoast_head_json":{"title":"Jesse Puljuj\u00e4rvi siirtym\u00e4ss\u00e4 Sveitsin p\u00e4\u00e4sarjaan \u2013 uusi alku Gen\u00e8ve-Servette HC:ssa - Sportotto.com","robots":{"index":"index","follow":"follow","max-snippet":"max-snippet:-1","max-image-preview":"max-image-preview:large","max-video-preview":"max-video-preview:-1"},"canonical":"https:\/\/sportotto.com\/fi\/uutiset\/jesse-puljujarvi-siirtymassa-sveitsin-paasarjaan-uusi-alku-geneve-servette-hcssa\/","og_locale":"fi_FI","og_type":"article","og_title":"Jesse Puljuj\u00e4rvi siirtym\u00e4ss\u00e4 Sveitsin p\u00e4\u00e4sarjaan \u2013 uusi alku Gen\u00e8ve-Servette HC:ssa - Sportotto.com","og_description":"Jesse Puljuj\u00e4rvi siirtym\u00e4ss\u00e4 Sveitsin p\u00e4\u00e4sarjaan \u2013 uusi alku Gen\u00e8ve-Servette HC:ssa Jesse Puljuj\u00e4rven matka j\u00e4\u00e4kiekon huipulle on ollut kaikkea muuta kuin...","og_url":"https:\/\/sportotto.com\/fi\/uutiset\/jesse-puljujarvi-siirtymassa-sveitsin-paasarjaan-uusi-alku-geneve-servette-hcssa\/","og_site_name":"Sportotto.com","article_published_time":"2025-07-09T05:02:24+00:00","author":"Linus Jung","twitter_card":"summary_large_image","twitter_misc":{"Kirjoittanut":"Linus Jung","Arvioitu lukuaika":"2 minuuttia"},"schema":{"@context":"https:\/\/schema.org","@graph":[{"@type":"Article","@id":"https:\/\/sportotto.com\/fi\/uutiset\/jesse-puljujarvi-siirtymassa-sveitsin-paasarjaan-uusi-alku-geneve-servette-hcssa\/#article","isPartOf":{"@id":"https:\/\/sportotto.com\/fi\/uutiset\/jesse-puljujarvi-siirtymassa-sveitsin-paasarjaan-uusi-alku-geneve-servette-hcssa\/"},"author":{"name":"Linus Jung","@id":"https:\/\/sportotto.com\/fi\/#\/schema\/person\/4e717e9d5e7dc8a9563d831e8eff4281"},"headline":"Jesse Puljuj\u00e4rvi siirtym\u00e4ss\u00e4 Sveitsin p\u00e4\u00e4sarjaan \u2013 uusi alku Gen\u00e8ve-Servette HC:ssa","datePublished":"2025-07-09T05:02:24+00:00","mainEntityOfPage":{"@id":"https:\/\/sportotto.com\/fi\/uutiset\/jesse-puljujarvi-siirtymassa-sveitsin-paasarjaan-uusi-alku-geneve-servette-hcssa\/"},"wordCount":383,"commentCount":0,"image":{"@id":"https:\/\/sportotto.com\/fi\/uutiset\/jesse-puljujarvi-siirtymassa-sveitsin-paasarjaan-uusi-alku-geneve-servette-hcssa\/#primaryimage"},"thumbnailUrl":"https:\/\/sportotto.com\/wp-content\/uploads\/2025\/07\/Jesse20PuljujC3A4rvi20siirtymC3A4ssC3A420Sveitsin20pC3A4C3A4sarjaan20E2809320uusi20alku20GenC3A8ve-Servette20HC3Assa-2025-07-09T053A023A12.895Z.jpg","articleSection":["Uutiset"],"inLanguage":"fi","potentialAction":[{"@type":"CommentAction","name":"Comment","target":["https:\/\/sportotto.com\/fi\/uutiset\/jesse-puljujarvi-siirtymassa-sveitsin-paasarjaan-uusi-alku-geneve-servette-hcssa\/#respond"]}]},{"@type":"WebPage","@id":"https:\/\/sportotto.com\/fi\/uutiset\/jesse-puljujarvi-siirtymassa-sveitsin-paasarjaan-uusi-alku-geneve-servette-hcssa\/","url":"https:\/\/sportotto.com\/fi\/uutiset\/jesse-puljujarvi-siirtymassa-sveitsin-paasarjaan-uusi-alku-geneve-servette-hcssa\/","name":"Jesse Puljuj\u00e4rvi siirtym\u00e4ss\u00e4 Sveitsin p\u00e4\u00e4sarjaan \u2013 uusi alku Gen\u00e8ve-Servette HC:ssa - Sportotto.com","isPartOf":{"@id":"https:\/\/sportotto.com\/fi\/#website"},"primaryImageOfPage":{"@id":"https:\/\/sportotto.com\/fi\/uutiset\/jesse-puljujarvi-siirtymassa-sveitsin-paasarjaan-uusi-alku-geneve-servette-hcssa\/#primaryimage"},"image":{"@id":"https:\/\/sportotto.com\/fi\/uutiset\/jesse-puljujarvi-siirtymassa-sveitsin-paasarjaan-uusi-alku-geneve-servette-hcssa\/#primaryimage"},"thumbnailUrl":"https:\/\/sportotto.com\/wp-content\/uploads\/2025\/07\/Jesse20PuljujC3A4rvi20siirtymC3A4ssC3A420Sveitsin20pC3A4C3A4sarjaan20E2809320uusi20alku20GenC3A8ve-Servette20HC3Assa-2025-07-09T053A023A12.895Z.jpg","datePublished":"2025-07-09T05:02:24+00:00","author":{"@id":"https:\/\/sportotto.com\/fi\/#\/schema\/person\/4e717e9d5e7dc8a9563d831e8eff4281"},"breadcrumb":{"@id":"https:\/\/sportotto.com\/fi\/uutiset\/jesse-puljujarvi-siirtymassa-sveitsin-paasarjaan-uusi-alku-geneve-servette-hcssa\/#breadcrumb"},"inLanguage":"fi","potentialAction":[{"@type":"ReadAction","target":["https:\/\/sportotto.com\/fi\/uutiset\/jesse-puljujarvi-siirtymassa-sveitsin-paasarjaan-uusi-alku-geneve-servette-hcssa\/"]}]},{"@type":"ImageObject","inLanguage":"fi","@id":"https:\/\/sportotto.com\/fi\/uutiset\/jesse-puljujarvi-siirtymassa-sveitsin-paasarjaan-uusi-alku-geneve-servette-hcssa\/#primaryimage","url":"https:\/\/sportotto.com\/wp-content\/uploads\/2025\/07\/Jesse20PuljujC3A4rvi20siirtymC3A4ssC3A420Sveitsin20pC3A4C3A4sarjaan20E2809320uusi20alku20GenC3A8ve-Servette20HC3Assa-2025-07-09T053A023A12.895Z.jpg","contentUrl":"https:\/\/sportotto.com\/wp-content\/uploads\/2025\/07\/Jesse20PuljujC3A4rvi20siirtymC3A4ssC3A420Sveitsin20pC3A4C3A4sarjaan20E2809320uusi20alku20GenC3A8ve-Servette20HC3Assa-2025-07-09T053A023A12.895Z.jpg","width":1024,"height":1024},{"@type":"BreadcrumbList","@id":"https:\/\/sportotto.com\/fi\/uutiset\/jesse-puljujarvi-siirtymassa-sveitsin-paasarjaan-uusi-alku-geneve-servette-hcssa\/#breadcrumb","itemListElement":[{"@type":"ListItem","position":1,"name":"Sportotto","item":"https:\/\/sportotto.com\/fi\/"},{"@type":"ListItem","position":2,"name":"Okategoriserad","item":"https:\/\/sportotto.com\/cl\/okategoriserad\/"},{"@type":"ListItem","position":3,"name":"Jesse Puljuj\u00e4rvi siirtym\u00e4ss\u00e4 Sveitsin p\u00e4\u00e4sarjaan \u2013 uusi alku Gen\u00e8ve-Servette HC:ssa"}]},{"@type":"WebSite","@id":"https:\/\/sportotto.com\/fi\/#website","url":"https:\/\/sportotto.com\/fi\/","name":"Sportotto.com","description":"All about sports betting!","potentialAction":[{"@type":"SearchAction","target":{"@type":"EntryPoint","urlTemplate":"https:\/\/sportotto.com\/fi\/?s={search_term_string}"},"query-input":{"@type":"PropertyValueSpecification","valueRequired":true,"valueName":"search_term_string"}}],"inLanguage":"fi"},{"@type":"Person","@id":"https:\/\/sportotto.com\/fi\/#\/schema\/person\/4e717e9d5e7dc8a9563d831e8eff4281","name":"Linus Jung","image":{"@type":"ImageObject","inLanguage":"fi","@id":"https:\/\/secure.gravatar.com\/avatar\/eca1d2df4eae3f7495ac24b159d8abf4d4d395492b5e7c4c934e1b65646f8db3?s=96&d=mm&r=g","url":"https:\/\/secure.gravatar.com\/avatar\/eca1d2df4eae3f7495ac24b159d8abf4d4d395492b5e7c4c934e1b65646f8db3?s=96&d=mm&r=g","contentUrl":"https:\/\/secure.gravatar.com\/avatar\/eca1d2df4eae3f7495ac24b159d8abf4d4d395492b5e7c4c934e1b65646f8db3?s=96&d=mm&r=g","caption":"Linus Jung"}}]}},"_links":{"self":[{"href":"https:\/\/sportotto.com\/fi\/wp-json\/wp\/v2\/posts\/948","targetHints":{"allow":["GET"]}}],"collection":[{"href":"https:\/\/sportotto.com\/fi\/wp-json\/wp\/v2\/posts"}],"about":[{"href":"https:\/\/sportotto.com\/fi\/wp-json\/wp\/v2\/types\/post"}],"author":[{"embeddable":true,"href":"https:\/\/sportotto.com\/fi\/wp-json\/wp\/v2\/users\/7"}],"replies":[{"embeddable":true,"href":"https:\/\/sportotto.com\/fi\/wp-json\/wp\/v2\/comments?post=948"}],"version-history":[{"count":0,"href":"https:\/\/sportotto.com\/fi\/wp-json\/wp\/v2\/posts\/948\/revisions"}],"wp:featuredmedia":[{"embeddable":true,"href":"https:\/\/sportotto.com\/fi\/wp-json\/wp\/v2\/media\/944"}],"wp:attachment":[{"href":"https:\/\/sportotto.com\/fi\/wp-json\/wp\/v2\/media?parent=948"}],"wp:term":[{"taxonomy":"category","embeddable":true,"href":"https:\/\/sportotto.com\/fi\/wp-json\/wp\/v2\/categories?post=948"},{"taxonomy":"post_tag","embeddable":true,"href":"https:\/\/sportotto.com\/fi\/wp-json\/wp\/v2\/tags?post=948"}],"curies":[{"name":"wp","href":"https:\/\/api.w.org\/{rel}","templated":true}]}}